{"id":7598,"date":"2018-03-10T11:14:31","date_gmt":"2018-03-10T10:14:31","guid":{"rendered":"http:\/\/macarons.intuition-web.com\/?p=7598"},"modified":"2019-07-23T04:35:22","modified_gmt":"2019-07-23T04:35:22","slug":"christophe-schmitt-nouveau-1-etoile-michelin-2018-a-lalmandin-hotel-ile-de-la-lagune","status":"publish","type":"post","link":"https:\/\/www.macarons-recrutement.com\/en\/christophe-schmitt-nouveau-1-etoile-michelin-2018-a-lalmandin-hotel-ile-de-la-lagune\/","title":{"rendered":"Christophe Schmitt, nouveau 1 \u00e9toile Michelin 2018 \u00e0 l&#8217;Almandin H\u00f4tel Ile de la Lagune"},"content":{"rendered":"<h1><span class=\"Article_TitreArticle\">Christophe Schmitt, nouveau 1 \u00e9toile Michelin 2018<\/span><\/h1>\n<p><strong>Mission r\u00e9ussie pour Macarons Recrutement<\/strong> qui avait pour mission de trouver un chef capable de d\u00e9crocher l&#8217;\u00e9toile Michelin.<\/p>\n<p><span class=\"Article_Reference\">lundi 12 mars 2018 11:51<\/span><\/p>\n<p><span class=\"Article_Texte\"><b>Saint-Cyprien (66)&nbsp;<\/b>Le chef atteint l&#8217;objectif qu&#8217;il s&#8217;\u00e9tait fix\u00e9 en arrivant au restaurant de l&#8217;h\u00f4tel cinq \u00e9toiles \u00cele de la Lagune, il y a un an et demi.<\/span><br \/>\n<span style=\"font-family: Verdana;font-size: xx-small\"><br \/>\n<\/span><\/p>\n<table border=\"0\" cellspacing=\"0\" cellpadding=\"0\">\n<tbody>\n<tr>\n<td align=\"center\" width=\"15\">\n<div id=\"div_photo_prec\"><\/div>\n<\/td>\n<td align=\"center\" width=\"450\" height=\"300\"><img decoding=\"async\" id=\"src_photo\" src=\"https:\/\/www.lhotellerie-restauration.fr\/journal\/restauration\/2018-02\/img\/img_3560.jpg\" border=\"0\"><\/td>\n<td align=\"center\" width=\"15\">\n<div id=\"div_photo_suiv\"><img decoding=\"async\" src=\"https:\/\/www.lhotellerie-restauration.fr\/nimg\/fleche_drt.gif\" border=\"0\"><\/div>\n<\/td>\n<\/tr>\n<tr>\n<td><\/td>\n<td>\n<div id=\"div_copy\"><\/div>\n<\/td>\n<\/tr>\n<tr>\n<td><\/td>\n<td>\n<div id=\"div_legende\">Christophe Schmitt : &#8216;Chaque ingr\u00e9dient doit apporter quelque chose au plat.&#8217;<\/div>\n<\/td>\n<\/tr>\n<\/tbody>\n<\/table>\n<p>&nbsp;<\/p>\n<table border=\"0\" cellspacing=\"0\" cellpadding=\"0\">\n<tbody>\n<tr>\n<td align=\"center\" width=\"15\">\n<div id=\"div_vignette_prec\"><\/div>\n<\/td>\n<td>\n<table border=\"0\" cellspacing=\"0\" cellpadding=\"3\" bgcolor=\"#444\">\n<tbody>\n<tr>\n<td align=\"center\" width=\"105\"><a id=\"vign_href_0\"><\/a><img decoding=\"async\" id=\"vignette_0\" src=\"https:\/\/www.lhotellerie-restauration.fr\/journal\/restauration\/2018-02\/img\/img_3560.jpg\" height=\"70\" border=\"0\"><\/td>\n<td align=\"center\" width=\"105\"><a id=\"vign_href_1\"><\/a><img decoding=\"async\" id=\"vignette_1\" src=\"https:\/\/www.lhotellerie-restauration.fr\/journal\/restauration\/2018-02\/img\/img_3569.jpg\" height=\"70\" border=\"0\"><\/td>\n<\/tr>\n<\/tbody>\n<\/table>\n<\/td>\n<td align=\"center\" width=\"15\">\n<div id=\"div_vignette_suiv\"><\/div>\n<\/td>\n<\/tr>\n<\/tbody>\n<\/table>\n<p><span class=\"Article_Texte\">&#8220;<i>Depuis que je suis arriv\u00e9 \u00e0 L&#8217;Almandin, je suis all\u00e9 vers l&#8217;\u00e9pure, en me concentrant sur trois ou quatre \u00e9l\u00e9ments dans une assiette o\u00f9 chaque ingr\u00e9dient doit apporter quelque chose au plat<\/i>&#8220;, explique&nbsp;<b>Christophe Schmitt<\/b>. Le chef du restaurant de l&#8217;h\u00f4tel cinq \u00e9toiles \u00cele de la Lagune, \u00e0 Saint-Cyprien (Pyr\u00e9n\u00e9es-Orientales), d\u00e9finit ainsi un travail qui lui vaut aujourd&#8217;hui une \u00e9toile. Une distinction qu&#8217;il avait d\u00e9j\u00e0 savour\u00e9e au Diane, le restaurant du Fouquet&#8217;s \u00e0 Paris, o\u00f9 il avait d\u00e9croch\u00e9 une \u00e9toile&nbsp;<i>Michelin<\/i>&nbsp;en 2012 sous la direction d&#8217;un chef ex\u00e9cutif. Cette fois-ci, c&#8217;est bien la signature de Christophe Schmitt qui est r\u00e9compens\u00e9e, m\u00eame si le chef salue &#8220;<i>le m\u00e9rite de toute une \u00e9quipe, des plongeurs jusqu&#8217;au personnel de salle, qui travaille sans rel\u00e2che sept jours sur sept<\/i>.&#8221; Avec une offre partag\u00e9e entre la bistronomie au d\u00e9jeuner et la carte gastronomique le soir et dimanche midi.<\/span><\/p>\n<p><b>&#8220;<i>Le respect des saisons et des temps&#8221;<\/i><\/b><\/p>\n<p>L&#8217;\u00e9toile est aussi le r\u00e9sultat de la confiance accord\u00e9e par la famille&nbsp;<b>Lormand<\/b>&nbsp;(groupe Roussill&#8217;h\u00f4tel) \u00e0 ce chef qui a pass\u00e9 l&#8217;essentiel de sa carri\u00e8re \u00e0 c\u00f4toyer notamment&nbsp;<b>\u00c9mile Jung<\/b>,&nbsp;<b>Hubert Maetz<\/b>,&nbsp;<b>Davy Tissot<\/b>&nbsp;ou encore&nbsp;<b>Olivier Elzer<\/b>. De ces ma\u00eetres, Christophe Schmitt a retenu &#8220;<i>le respect des saisons et des temps&#8221;<\/i>, qui sont d&#8217;abord ceux des producteurs locaux, dont le chef de L&#8217;Almandin a fait des &#8220;<i>partenaires<\/i>&#8220;. &#8220;<i>Pour aller dans le sens d&#8217;une cuisine tr\u00e8s fine, et m\u00eame m\u00e9ticuleuse, on doit avoir la garantie des meilleurs produits, ceux qui vont permettre ces efforts de pr\u00e9cision et de finesse. Il m&#8217;arrive d\u00e9sormais de pr\u00e9voir avec mon mara\u00eecher la vari\u00e9t\u00e9 des l\u00e9gumes \u00e0 cultiver pour la prochaine saison<\/i>.&#8221; Une m\u00e9thode qui s&#8217;accorde avec le pr\u00e9cepte cher \u00e0 Christophe Schmitt&nbsp;: &#8220;<i>Pas plus de trois saveurs dans un plat<\/i>.&#8221;<\/p>\n<p>Avec l&#8217;amicale autorisation du Journal de l&#8217;H\u00f4tellerie<\/p>\n","protected":false},"excerpt":{"rendered":"<p>Christophe Schmitt, nouveau 1 \u00e9toile Michelin 2018 Mission r\u00e9ussie pour&#8230;<\/p>\n","protected":false},"author":5,"featured_media":32063,"comment_status":"open","ping_status":"open","sticky":false,"template":"","format":"standard","meta":{"_exactmetrics_skip_tracking":false,"_exactmetrics_sitenote_active":false,"_exactmetrics_sitenote_note":"","_exactmetrics_sitenote_category":0,"footnotes":""},"categories":[119],"tags":[],"class_list":{"0":"post-7598","1":"post","2":"type-post","3":"status-publish","4":"format-standard","5":"has-post-thumbnail","7":"category-news"},"yoast_head":"<!-- This site is optimized with the Yoast SEO plugin v24.9 - https:\/\/yoast.com\/wordpress\/plugins\/seo\/ -->\n<title>Christophe Schmitt, nouveau 1 \u00e9toile Michelin 2018 \u00e0 l&#039;Almandin H\u00f4tel Ile de la Lagune<\/title>\n<meta name=\"robots\" content=\"index, follow, max-snippet:-1, max-image-preview:large, max-video-preview:-1\" \/>\n<link rel=\"canonical\" href=\"https:\/\/www.macarons-recrutement.com\/en\/christophe-schmitt-nouveau-1-etoile-michelin-2018-a-lalmandin-hotel-ile-de-la-lagune\/\" \/>\n<meta property=\"og:locale\" content=\"en_GB\" \/>\n<meta property=\"og:locale:alternate\" content=\"fr_FR\" \/>\n<meta property=\"og:type\" content=\"article\" \/>\n<meta property=\"og:title\" content=\"Christophe Schmitt, nouveau 1 \u00e9toile Michelin 2018 \u00e0 l&#039;Almandin H\u00f4tel Ile de la Lagune\" \/>\n<meta property=\"og:description\" content=\"Christophe Schmitt, nouveau 1 \u00e9toile Michelin 2018 Mission r\u00e9ussie pour...\" \/>\n<meta property=\"og:url\" content=\"https:\/\/www.macarons-recrutement.com\/en\/christophe-schmitt-nouveau-1-etoile-michelin-2018-a-lalmandin-hotel-ile-de-la-lagune\/\" \/>\n<meta property=\"og:site_name\" content=\"Macarons Recrutement\" \/>\n<meta property=\"article:publisher\" content=\"https:\/\/www.facebook.com\/MacaronsRecrutement\/\" \/>\n<meta property=\"article:published_time\" content=\"2018-03-10T10:14:31+00:00\" \/>\n<meta property=\"article:modified_time\" content=\"2019-07-23T04:35:22+00:00\" \/>\n<meta property=\"og:image\" content=\"https:\/\/www.macarons-recrutement.com\/wp-content\/uploads\/2018\/03\/C-schmitt-12-mars-18.jpg\" \/>\n\t<meta property=\"og:image:width\" content=\"400\" \/>\n\t<meta property=\"og:image:height\" content=\"300\" \/>\n\t<meta property=\"og:image:type\" content=\"image\/jpeg\" \/>\n<meta name=\"author\" content=\"ADMIN\" \/>\n<meta name=\"twitter:card\" content=\"summary_large_image\" \/>\n<meta name=\"twitter:label1\" content=\"Written by\" \/>\n\t<meta name=\"twitter:data1\" content=\"ADMIN\" \/>\n\t<meta name=\"twitter:label2\" content=\"Estimated reading time\" \/>\n\t<meta name=\"twitter:data2\" content=\"2 minutes\" \/>\n<script type=\"application\/ld+json\" class=\"yoast-schema-graph\">{\"@context\":\"https:\/\/schema.org\",\"@graph\":[{\"@type\":\"Article\",\"@id\":\"https:\/\/www.macarons-recrutement.com\/christophe-schmitt-nouveau-1-etoile-michelin-2018-a-lalmandin-hotel-ile-de-la-lagune\/#article\",\"isPartOf\":{\"@id\":\"https:\/\/www.macarons-recrutement.com\/christophe-schmitt-nouveau-1-etoile-michelin-2018-a-lalmandin-hotel-ile-de-la-lagune\/\"},\"author\":{\"name\":\"ADMIN\",\"@id\":\"https:\/\/www.macarons-recrutement.com\/#\/schema\/person\/6cd18bab96b27c5b0f72e620ea724e77\"},\"headline\":\"Christophe Schmitt, nouveau 1 \u00e9toile Michelin 2018 \u00e0 l&#8217;Almandin H\u00f4tel Ile de la Lagune\",\"datePublished\":\"2018-03-10T10:14:31+00:00\",\"dateModified\":\"2019-07-23T04:35:22+00:00\",\"mainEntityOfPage\":{\"@id\":\"https:\/\/www.macarons-recrutement.com\/christophe-schmitt-nouveau-1-etoile-michelin-2018-a-lalmandin-hotel-ile-de-la-lagune\/\"},\"wordCount\":439,\"commentCount\":0,\"publisher\":{\"@id\":\"https:\/\/www.macarons-recrutement.com\/#organization\"},\"image\":{\"@id\":\"https:\/\/www.macarons-recrutement.com\/christophe-schmitt-nouveau-1-etoile-michelin-2018-a-lalmandin-hotel-ile-de-la-lagune\/#primaryimage\"},\"thumbnailUrl\":\"https:\/\/www.macarons-recrutement.com\/wp-content\/uploads\/2018\/03\/C-schmitt-12-mars-18.jpg\",\"articleSection\":[\"News\"],\"inLanguage\":\"en-GB\"},{\"@type\":\"WebPage\",\"@id\":\"https:\/\/www.macarons-recrutement.com\/christophe-schmitt-nouveau-1-etoile-michelin-2018-a-lalmandin-hotel-ile-de-la-lagune\/\",\"url\":\"https:\/\/www.macarons-recrutement.com\/christophe-schmitt-nouveau-1-etoile-michelin-2018-a-lalmandin-hotel-ile-de-la-lagune\/\",\"name\":\"Christophe Schmitt, nouveau 1 \u00e9toile Michelin 2018 \u00e0 l'Almandin H\u00f4tel Ile de la Lagune\",\"isPartOf\":{\"@id\":\"https:\/\/www.macarons-recrutement.com\/#website\"},\"primaryImageOfPage\":{\"@id\":\"https:\/\/www.macarons-recrutement.com\/christophe-schmitt-nouveau-1-etoile-michelin-2018-a-lalmandin-hotel-ile-de-la-lagune\/#primaryimage\"},\"image\":{\"@id\":\"https:\/\/www.macarons-recrutement.com\/christophe-schmitt-nouveau-1-etoile-michelin-2018-a-lalmandin-hotel-ile-de-la-lagune\/#primaryimage\"},\"thumbnailUrl\":\"https:\/\/www.macarons-recrutement.com\/wp-content\/uploads\/2018\/03\/C-schmitt-12-mars-18.jpg\",\"datePublished\":\"2018-03-10T10:14:31+00:00\",\"dateModified\":\"2019-07-23T04:35:22+00:00\",\"breadcrumb\":{\"@id\":\"https:\/\/www.macarons-recrutement.com\/christophe-schmitt-nouveau-1-etoile-michelin-2018-a-lalmandin-hotel-ile-de-la-lagune\/#breadcrumb\"},\"inLanguage\":\"en-GB\",\"potentialAction\":[{\"@type\":\"ReadAction\",\"target\":[\"https:\/\/www.macarons-recrutement.com\/christophe-schmitt-nouveau-1-etoile-michelin-2018-a-lalmandin-hotel-ile-de-la-lagune\/\"]}]},{\"@type\":\"ImageObject\",\"inLanguage\":\"en-GB\",\"@id\":\"https:\/\/www.macarons-recrutement.com\/christophe-schmitt-nouveau-1-etoile-michelin-2018-a-lalmandin-hotel-ile-de-la-lagune\/#primaryimage\",\"url\":\"https:\/\/www.macarons-recrutement.com\/wp-content\/uploads\/2018\/03\/C-schmitt-12-mars-18.jpg\",\"contentUrl\":\"https:\/\/www.macarons-recrutement.com\/wp-content\/uploads\/2018\/03\/C-schmitt-12-mars-18.jpg\",\"width\":400,\"height\":300},{\"@type\":\"BreadcrumbList\",\"@id\":\"https:\/\/www.macarons-recrutement.com\/christophe-schmitt-nouveau-1-etoile-michelin-2018-a-lalmandin-hotel-ile-de-la-lagune\/#breadcrumb\",\"itemListElement\":[{\"@type\":\"ListItem\",\"position\":1,\"name\":\"Accueil\",\"item\":\"https:\/\/www.macarons-recrutement.com\/\"},{\"@type\":\"ListItem\",\"position\":2,\"name\":\"Christophe Schmitt, nouveau 1 \u00e9toile Michelin 2018 \u00e0 l&rsquo;Almandin H\u00f4tel Ile de la Lagune\"}]},{\"@type\":\"WebSite\",\"@id\":\"https:\/\/www.macarons-recrutement.com\/#website\",\"url\":\"https:\/\/www.macarons-recrutement.com\/\",\"name\":\"Macarons Recrutement H\u00f4tels & Restaurants\",\"description\":\"For hoteliers by hoteliers\",\"publisher\":{\"@id\":\"https:\/\/www.macarons-recrutement.com\/#organization\"},\"alternateName\":\"Macarons Recrutement H\u00f4tels & Restaurants\",\"potentialAction\":[{\"@type\":\"SearchAction\",\"target\":{\"@type\":\"EntryPoint\",\"urlTemplate\":\"https:\/\/www.macarons-recrutement.com\/?s={search_term_string}\"},\"query-input\":{\"@type\":\"PropertyValueSpecification\",\"valueRequired\":true,\"valueName\":\"search_term_string\"}}],\"inLanguage\":\"en-GB\"},{\"@type\":\"Organization\",\"@id\":\"https:\/\/www.macarons-recrutement.com\/#organization\",\"name\":\"Macarons Recrutement H\u00f4tels & Restaurants\",\"alternateName\":\"Macarons Recrutement H\u00f4tels & Restaurants\",\"url\":\"https:\/\/www.macarons-recrutement.com\/\",\"logo\":{\"@type\":\"ImageObject\",\"inLanguage\":\"en-GB\",\"@id\":\"https:\/\/www.macarons-recrutement.com\/#\/schema\/logo\/image\/\",\"url\":\"https:\/\/www.macarons-recrutement.com\/wp-content\/uploads\/2019\/06\/logo-MACARON-recruitment-hospitality-industry.jpg\",\"contentUrl\":\"https:\/\/www.macarons-recrutement.com\/wp-content\/uploads\/2019\/06\/logo-MACARON-recruitment-hospitality-industry.jpg\",\"width\":700,\"height\":329,\"caption\":\"Macarons Recrutement H\u00f4tels & Restaurants\"},\"image\":{\"@id\":\"https:\/\/www.macarons-recrutement.com\/#\/schema\/logo\/image\/\"},\"sameAs\":[\"https:\/\/www.facebook.com\/MacaronsRecrutement\/\",\"https:\/\/www.instagram.com\/macaronsrecrutement\/?hl=fr\",\"https:\/\/www.linkedin.com\/company\/macarons-hotels-restaurants-global-experts\/\"]},{\"@type\":\"Person\",\"@id\":\"https:\/\/www.macarons-recrutement.com\/#\/schema\/person\/6cd18bab96b27c5b0f72e620ea724e77\",\"name\":\"ADMIN\",\"image\":{\"@type\":\"ImageObject\",\"inLanguage\":\"en-GB\",\"@id\":\"https:\/\/www.macarons-recrutement.com\/#\/schema\/person\/image\/\",\"url\":\"https:\/\/secure.gravatar.com\/avatar\/5e655ad02f6a0ac842fbc8cb3eb00276?s=96&d=mm&r=g\",\"contentUrl\":\"https:\/\/secure.gravatar.com\/avatar\/5e655ad02f6a0ac842fbc8cb3eb00276?s=96&d=mm&r=g\",\"caption\":\"ADMIN\"},\"url\":\"https:\/\/www.macarons-recrutement.com\/en\/author\/flexadmin\/\"}]}<\/script>\n<!-- \/ Yoast SEO plugin. -->","yoast_head_json":{"title":"Christophe Schmitt, nouveau 1 \u00e9toile Michelin 2018 \u00e0 l'Almandin H\u00f4tel Ile de la Lagune","robots":{"index":"index","follow":"follow","max-snippet":"max-snippet:-1","max-image-preview":"max-image-preview:large","max-video-preview":"max-video-preview:-1"},"canonical":"https:\/\/www.macarons-recrutement.com\/en\/christophe-schmitt-nouveau-1-etoile-michelin-2018-a-lalmandin-hotel-ile-de-la-lagune\/","og_locale":"en_GB","og_type":"article","og_title":"[:fr]Christophe Schmitt, nouveau 1 \u00e9toile Michelin 2018 \u00e0 l'Almandin H\u00f4tel Ile de la Lagune[:] - Macarons Recrutement","og_description":"Christophe Schmitt, nouveau 1 \u00e9toile Michelin 2018 Mission r\u00e9ussie pour...","og_url":"https:\/\/www.macarons-recrutement.com\/en\/christophe-schmitt-nouveau-1-etoile-michelin-2018-a-lalmandin-hotel-ile-de-la-lagune\/","og_site_name":"Macarons Recrutement","article_publisher":"https:\/\/www.facebook.com\/MacaronsRecrutement\/","article_published_time":"2018-03-10T10:14:31+00:00","article_modified_time":"2019-07-23T04:35:22+00:00","og_image":[{"width":400,"height":300,"url":"https:\/\/www.macarons-recrutement.com\/wp-content\/uploads\/2018\/03\/C-schmitt-12-mars-18.jpg","type":"image\/jpeg"}],"author":"ADMIN","twitter_card":"summary_large_image","twitter_misc":{"Written by":"ADMIN","Estimated reading time":"2 minutes"},"schema":{"@context":"https:\/\/schema.org","@graph":[{"@type":"Article","@id":"https:\/\/www.macarons-recrutement.com\/christophe-schmitt-nouveau-1-etoile-michelin-2018-a-lalmandin-hotel-ile-de-la-lagune\/#article","isPartOf":{"@id":"https:\/\/www.macarons-recrutement.com\/christophe-schmitt-nouveau-1-etoile-michelin-2018-a-lalmandin-hotel-ile-de-la-lagune\/"},"author":{"name":"ADMIN","@id":"https:\/\/www.macarons-recrutement.com\/#\/schema\/person\/6cd18bab96b27c5b0f72e620ea724e77"},"headline":"Christophe Schmitt, nouveau 1 \u00e9toile Michelin 2018 \u00e0 l&#8217;Almandin H\u00f4tel Ile de la Lagune","datePublished":"2018-03-10T10:14:31+00:00","dateModified":"2019-07-23T04:35:22+00:00","mainEntityOfPage":{"@id":"https:\/\/www.macarons-recrutement.com\/christophe-schmitt-nouveau-1-etoile-michelin-2018-a-lalmandin-hotel-ile-de-la-lagune\/"},"wordCount":439,"commentCount":0,"publisher":{"@id":"https:\/\/www.macarons-recrutement.com\/#organization"},"image":{"@id":"https:\/\/www.macarons-recrutement.com\/christophe-schmitt-nouveau-1-etoile-michelin-2018-a-lalmandin-hotel-ile-de-la-lagune\/#primaryimage"},"thumbnailUrl":"https:\/\/www.macarons-recrutement.com\/wp-content\/uploads\/2018\/03\/C-schmitt-12-mars-18.jpg","articleSection":["News"],"inLanguage":"en-GB"},{"@type":"WebPage","@id":"https:\/\/www.macarons-recrutement.com\/christophe-schmitt-nouveau-1-etoile-michelin-2018-a-lalmandin-hotel-ile-de-la-lagune\/","url":"https:\/\/www.macarons-recrutement.com\/christophe-schmitt-nouveau-1-etoile-michelin-2018-a-lalmandin-hotel-ile-de-la-lagune\/","name":"Christophe Schmitt, nouveau 1 \u00e9toile Michelin 2018 \u00e0 l'Almandin H\u00f4tel Ile de la Lagune","isPartOf":{"@id":"https:\/\/www.macarons-recrutement.com\/#website"},"primaryImageOfPage":{"@id":"https:\/\/www.macarons-recrutement.com\/christophe-schmitt-nouveau-1-etoile-michelin-2018-a-lalmandin-hotel-ile-de-la-lagune\/#primaryimage"},"image":{"@id":"https:\/\/www.macarons-recrutement.com\/christophe-schmitt-nouveau-1-etoile-michelin-2018-a-lalmandin-hotel-ile-de-la-lagune\/#primaryimage"},"thumbnailUrl":"https:\/\/www.macarons-recrutement.com\/wp-content\/uploads\/2018\/03\/C-schmitt-12-mars-18.jpg","datePublished":"2018-03-10T10:14:31+00:00","dateModified":"2019-07-23T04:35:22+00:00","breadcrumb":{"@id":"https:\/\/www.macarons-recrutement.com\/christophe-schmitt-nouveau-1-etoile-michelin-2018-a-lalmandin-hotel-ile-de-la-lagune\/#breadcrumb"},"inLanguage":"en-GB","potentialAction":[{"@type":"ReadAction","target":["https:\/\/www.macarons-recrutement.com\/christophe-schmitt-nouveau-1-etoile-michelin-2018-a-lalmandin-hotel-ile-de-la-lagune\/"]}]},{"@type":"ImageObject","inLanguage":"en-GB","@id":"https:\/\/www.macarons-recrutement.com\/christophe-schmitt-nouveau-1-etoile-michelin-2018-a-lalmandin-hotel-ile-de-la-lagune\/#primaryimage","url":"https:\/\/www.macarons-recrutement.com\/wp-content\/uploads\/2018\/03\/C-schmitt-12-mars-18.jpg","contentUrl":"https:\/\/www.macarons-recrutement.com\/wp-content\/uploads\/2018\/03\/C-schmitt-12-mars-18.jpg","width":400,"height":300},{"@type":"BreadcrumbList","@id":"https:\/\/www.macarons-recrutement.com\/christophe-schmitt-nouveau-1-etoile-michelin-2018-a-lalmandin-hotel-ile-de-la-lagune\/#breadcrumb","itemListElement":[{"@type":"ListItem","position":1,"name":"Accueil","item":"https:\/\/www.macarons-recrutement.com\/"},{"@type":"ListItem","position":2,"name":"Christophe Schmitt, nouveau 1 \u00e9toile Michelin 2018 \u00e0 l&rsquo;Almandin H\u00f4tel Ile de la Lagune"}]},{"@type":"WebSite","@id":"https:\/\/www.macarons-recrutement.com\/#website","url":"https:\/\/www.macarons-recrutement.com\/","name":"Macarons Recrutement H\u00f4tels & Restaurants","description":"For hoteliers by hoteliers","publisher":{"@id":"https:\/\/www.macarons-recrutement.com\/#organization"},"alternateName":"Macarons Recrutement H\u00f4tels & Restaurants","potentialAction":[{"@type":"SearchAction","target":{"@type":"EntryPoint","urlTemplate":"https:\/\/www.macarons-recrutement.com\/?s={search_term_string}"},"query-input":{"@type":"PropertyValueSpecification","valueRequired":true,"valueName":"search_term_string"}}],"inLanguage":"en-GB"},{"@type":"Organization","@id":"https:\/\/www.macarons-recrutement.com\/#organization","name":"Macarons Recrutement H\u00f4tels & Restaurants","alternateName":"Macarons Recrutement H\u00f4tels & Restaurants","url":"https:\/\/www.macarons-recrutement.com\/","logo":{"@type":"ImageObject","inLanguage":"en-GB","@id":"https:\/\/www.macarons-recrutement.com\/#\/schema\/logo\/image\/","url":"https:\/\/www.macarons-recrutement.com\/wp-content\/uploads\/2019\/06\/logo-MACARON-recruitment-hospitality-industry.jpg","contentUrl":"https:\/\/www.macarons-recrutement.com\/wp-content\/uploads\/2019\/06\/logo-MACARON-recruitment-hospitality-industry.jpg","width":700,"height":329,"caption":"Macarons Recrutement H\u00f4tels & Restaurants"},"image":{"@id":"https:\/\/www.macarons-recrutement.com\/#\/schema\/logo\/image\/"},"sameAs":["https:\/\/www.facebook.com\/MacaronsRecrutement\/","https:\/\/www.instagram.com\/macaronsrecrutement\/?hl=fr","https:\/\/www.linkedin.com\/company\/macarons-hotels-restaurants-global-experts\/"]},{"@type":"Person","@id":"https:\/\/www.macarons-recrutement.com\/#\/schema\/person\/6cd18bab96b27c5b0f72e620ea724e77","name":"ADMIN","image":{"@type":"ImageObject","inLanguage":"en-GB","@id":"https:\/\/www.macarons-recrutement.com\/#\/schema\/person\/image\/","url":"https:\/\/secure.gravatar.com\/avatar\/5e655ad02f6a0ac842fbc8cb3eb00276?s=96&d=mm&r=g","contentUrl":"https:\/\/secure.gravatar.com\/avatar\/5e655ad02f6a0ac842fbc8cb3eb00276?s=96&d=mm&r=g","caption":"ADMIN"},"url":"https:\/\/www.macarons-recrutement.com\/en\/author\/flexadmin\/"}]}},"_links":{"self":[{"href":"https:\/\/www.macarons-recrutement.com\/en\/wp-json\/wp\/v2\/posts\/7598"}],"collection":[{"href":"https:\/\/www.macarons-recrutement.com\/en\/wp-json\/wp\/v2\/posts"}],"about":[{"href":"https:\/\/www.macarons-recrutement.com\/en\/wp-json\/wp\/v2\/types\/post"}],"author":[{"embeddable":true,"href":"https:\/\/www.macarons-recrutement.com\/en\/wp-json\/wp\/v2\/users\/5"}],"replies":[{"embeddable":true,"href":"https:\/\/www.macarons-recrutement.com\/en\/wp-json\/wp\/v2\/comments?post=7598"}],"version-history":[{"count":0,"href":"https:\/\/www.macarons-recrutement.com\/en\/wp-json\/wp\/v2\/posts\/7598\/revisions"}],"wp:featuredmedia":[{"embeddable":true,"href":"https:\/\/www.macarons-recrutement.com\/en\/wp-json\/wp\/v2\/media\/32063"}],"wp:attachment":[{"href":"https:\/\/www.macarons-recrutement.com\/en\/wp-json\/wp\/v2\/media?parent=7598"}],"wp:term":[{"taxonomy":"category","embeddable":true,"href":"https:\/\/www.macarons-recrutement.com\/en\/wp-json\/wp\/v2\/categories?post=7598"},{"taxonomy":"post_tag","embeddable":true,"href":"https:\/\/www.macarons-recrutement.com\/en\/wp-json\/wp\/v2\/tags?post=7598"}],"curies":[{"name":"wp","href":"https:\/\/api.w.org\/{rel}","templated":true}]}}