{"id":7169,"date":"2018-01-10T03:53:18","date_gmt":"2018-01-10T02:53:18","guid":{"rendered":"http:\/\/macarons.intuition-web.com\/?p=7169"},"modified":"2019-07-23T04:37:34","modified_gmt":"2019-07-23T04:37:34","slug":"2017-sacheve-sur-une-tendance-positive-pour-lhotellerie-francaise-barometre-deloitte-in-extenso","status":"publish","type":"post","link":"https:\/\/www.macarons-recrutement.com\/en\/2017-sacheve-sur-une-tendance-positive-pour-lhotellerie-francaise-barometre-deloitte-in-extenso\/","title":{"rendered":"2017 s&#8217;ach\u00e8ve sur une tendance positive pour l&#8217;h\u00f4tellerie fran\u00e7aise &#8211; Barom\u00e8tre Deloitte &#8211; In Extenso"},"content":{"rendered":"<p><span class=\"Article_Texte\">En novembre, Paris et la province ont enregistr\u00e9 de bons r\u00e9sultats, notamment gr\u00e2ce \u00e0 une fr\u00e9quentation soutenue sur l&#8217;ensemble du territoire.<\/span><br \/>\n<span style=\"font-family: Verdana;font-size: xx-small\"><br \/>\n<\/span><\/p>\n<table border=\"0\" cellspacing=\"0\" cellpadding=\"0\">\n<tbody>\n<tr>\n<td align=\"center\" width=\"15\">\n<div id=\"div_photo_prec\"><\/div>\n<\/td>\n<td align=\"center\" width=\"450\" height=\"300\"><img decoding=\"async\" id=\"src_photo\" src=\"https:\/\/www.lhotellerie-restauration.fr\/journal\/conjoncture\/2018-01\/img\/thinkstockphotos-4649073.jpg\" border=\"0\"><\/td>\n<td align=\"center\" width=\"15\">\n<div id=\"div_photo_suiv\"><img decoding=\"async\" src=\"https:\/\/www.lhotellerie-restauration.fr\/nimg\/fleche_drt.gif\" border=\"0\"><\/div>\n<\/td>\n<\/tr>\n<tr>\n<td><\/td>\n<td>\n<div id=\"div_copy\">\u00a9 Thinkstock<\/div>\n<\/td>\n<\/tr>\n<tr>\n<td><\/td>\n<td>\n<div id=\"div_legende\">Selon le comit\u00e9 r\u00e9gional du tourisme, les Britanniques, Espagnols, Allemands, Italiens et Am\u00e9ricains ont \u00e9t\u00e9 les cinq premi\u00e8res client\u00e8les internationales de la capitale en novembre.<\/div>\n<\/td>\n<\/tr>\n<\/tbody>\n<\/table>\n<p>&nbsp;<\/p>\n<p>&nbsp;<\/p>\n<table border=\"0\" cellspacing=\"3\" cellpadding=\"3\">\n<tbody>\n<tr bgcolor=\"#f199a5\">\n<td><span class=\"Article_Titre_Cadre\">Donn\u00e9es mensuelles novembre<\/span><\/td>\n<\/tr>\n<tr bgcolor=\"#fbdee2\">\n<td><span class=\"Article_Texte\"><br \/>\n<\/span><\/p>\n<table border=\"1\" cellspacing=\"0\" cellpadding=\"0\">\n<tbody>\n<tr>\n<td><span class=\"Article_Texte\"><b>&nbsp;&nbsp;<\/b><\/span><\/td>\n<td><span class=\"Article_Texte\"><b>Luxe&nbsp;<\/b><\/span><\/td>\n<td><span class=\"Article_Texte\"><b>Haut de gamme&nbsp;<\/b><\/span><\/td>\n<td><span class=\"Article_Texte\"><b>Milieu de gamme&nbsp;<\/b><\/span><\/td>\n<td><span class=\"Article_Texte\"><b>\u00c9conomique&nbsp;<\/b><\/span><\/td>\n<td><span class=\"Article_Texte\"><b>Super \u00e9conomique&nbsp;<\/b><\/span><\/td>\n<\/tr>\n<tr>\n<td><span class=\"Article_Texte\"><b>TO 2017&nbsp;<\/b><\/span><\/td>\n<td align=\"center\"><span class=\"Article_Texte\">57,5 %<\/span><\/td>\n<td align=\"center\"><span class=\"Article_Texte\">65 %<\/span><\/td>\n<td align=\"center\"><span class=\"Article_Texte\">65 %<\/span><\/td>\n<td align=\"center\"><span class=\"Article_Texte\">66,5 %<\/span><\/td>\n<td align=\"center\"><span class=\"Article_Texte\">62 %<\/span><\/td>\n<\/tr>\n<tr>\n<td><span class=\"Article_Texte\"><b>Var. \/n-1&nbsp;<\/b><\/span><\/td>\n<td align=\"center\"><span class=\"Article_Texte\">13 %<\/span><\/td>\n<td align=\"center\"><span class=\"Article_Texte\">8 %<\/span><\/td>\n<td align=\"center\"><span class=\"Article_Texte\">7 %<\/span><\/td>\n<td align=\"center\"><span class=\"Article_Texte\">6 %<\/span><\/td>\n<td align=\"center\"><span class=\"Article_Texte\">3 %<\/span><\/td>\n<\/tr>\n<tr>\n<td><span class=\"Article_Texte\"><b>RMC 2017&nbsp;<\/b><\/span><\/td>\n<td align=\"center\"><span class=\"Article_Texte\">290 \u20ac<\/span><\/td>\n<td align=\"center\"><span class=\"Article_Texte\">172 \u20ac<\/span><\/td>\n<td align=\"center\"><span class=\"Article_Texte\">103 \u20ac<\/span><\/td>\n<td align=\"center\"><span class=\"Article_Texte\">67 \u20ac<\/span><\/td>\n<td align=\"center\"><span class=\"Article_Texte\">42 \u20ac<\/span><\/td>\n<\/tr>\n<tr>\n<td><span class=\"Article_Texte\"><b>Var. \/n-1&nbsp;<\/b><\/span><\/td>\n<td align=\"center\"><span class=\"Article_Texte\">&#8211; 5,5 %<\/span><\/td>\n<td align=\"center\"><span class=\"Article_Texte\">3 %<\/span><\/td>\n<td align=\"center\"><span class=\"Article_Texte\">2 %<\/span><\/td>\n<td align=\"center\"><span class=\"Article_Texte\">4 %<\/span><\/td>\n<td align=\"center\"><span class=\"Article_Texte\">4 %<\/span><\/td>\n<\/tr>\n<tr>\n<td><span class=\"Article_Texte\"><b>RevPAR 2017&nbsp;<\/b><\/span><\/td>\n<td align=\"center\"><span class=\"Article_Texte\">167 \u20ac<\/span><\/td>\n<td align=\"center\"><span class=\"Article_Texte\">112 \u20ac<\/span><\/td>\n<td align=\"center\"><span class=\"Article_Texte\">67 \u20ac<\/span><\/td>\n<td align=\"center\"><span class=\"Article_Texte\">44 \u20ac<\/span><\/td>\n<td align=\"center\"><span class=\"Article_Texte\">26 \u20ac<\/span><\/td>\n<\/tr>\n<tr>\n<td><span class=\"Article_Texte\"><b>Var. \/n-1&nbsp;<\/b><\/span><\/td>\n<td align=\"center\"><span class=\"Article_Texte\">6,5 %<\/span><\/td>\n<td align=\"center\"><span class=\"Article_Texte\">12 %<\/span><\/td>\n<td align=\"center\"><span class=\"Article_Texte\">9 %<\/span><\/td>\n<td align=\"center\"><span class=\"Article_Texte\">10 %<\/span><\/td>\n<td align=\"center\"><span class=\"Article_Texte\">8 %<\/span><\/td>\n<\/tr>\n<\/tbody>\n<\/table>\n<p><span class=\"Article_Texte\"><br \/>\nTO : taux d&#8217;occupation<br \/>\nRMC : recette moyenne par chambre lou\u00e9e<br \/>\nRevPAR : revenu moyen par chambre disponible<\/span><\/td>\n<\/tr>\n<\/tbody>\n<\/table>\n<p><span class=\"Article_Texte\">En novembre, la fr\u00e9quentation est en croissance sur l&#8217;ensemble des cat\u00e9gories au sein de l&#8217;h\u00f4tellerie fran\u00e7aise r\u00e9v\u00e8le le barom\u00e8tre Deloitte-In Extenso (+&nbsp;3 % en h\u00f4tellerie super-\u00e9conomique \u00e0 +&nbsp;13 % pour le luxe). Quant au prix moyen, seul le segment luxe est en baisse, suite \u00e0 un recul en r\u00e9gions et sur la C\u00f4te d&#8217;Azur. Sur les autres gammes, le revenu par chambre lou\u00e9e augmente, de 2 % dans l&#8217;h\u00f4tellerie milieu de gamme jusqu&#8217;\u00e0 4 % pour le super-\u00e9conomique. En cumul sur onze mois, les RevPAR progressent de 2 % \u00e0 5 % gr\u00e2ce \u00e0 une fr\u00e9quentation soutenue sur l&#8217;ensemble du territoire.<\/span><\/p>\n<p><b>Retour de la client\u00e8le \u00e9trang\u00e8re dans la capitale<\/b><\/p>\n<p>Au sein de l&#8217;h\u00f4tellerie parisienne, les RevPAR sont en augmentation \u00e0 fin novembre. Les nombreux salons professionnels et grand public, comme Batimat et la Paris Games Week, ont dynamis\u00e9 l&#8217;activit\u00e9 touristique. Selon le comit\u00e9 r\u00e9gional du tourisme, les Britanniques, Espagnols, Allemands, Italiens et Am\u00e9ricains ont \u00e9t\u00e9 les cinq premi\u00e8res client\u00e8les internationales de la destination en novembre. Par rapport \u00e0 l&#8217;ann\u00e9e derni\u00e8re, la plupart des client\u00e8les sont en progression ou stables \u00e0 l&#8217;exception des visiteurs espagnols, allemands, italiens et belges. Gr\u00e2ce \u00e0 une bonne fr\u00e9quentation et au retour de la client\u00e8le \u00e9trang\u00e8re en novembre, les palaces parisiens ont enregistr\u00e9 un taux d&#8217;occupation de 67&nbsp;%, soit pr\u00e8s de 6 % de plus qu&#8217;en 2016, malgr\u00e9 les r\u00e9centes ouvertures.<\/p>\n<p><b>Taux d&#8217;occupation et prix moyens en hausse<\/b><\/p>\n<p>\u00c0 l&#8217;image de la capitale, la C\u00f4te d&#8217;Azur enregistre de tr\u00e8s bons r\u00e9sultats, notamment gr\u00e2ce \u00e0 la fr\u00e9quentation de la client\u00e8le \u00e9trang\u00e8re. Au mois de novembre, les taux d&#8217;occupation et les prix moyens augmentent sur toutes les cat\u00e9gories, except\u00e9 l&#8217;h\u00f4tellerie de luxe, affichant un prix moyen en baisse de presque de 5 %. Tous les march\u00e9s \u00e9trangers poursuivent leur croissance, \u00e0 l&#8217;exception de la client\u00e8le britannique. De fortes hausses sont observ\u00e9es pour les client\u00e8les venues de Chine, de Russie, du Moyen Orient, d&#8217;Afrique, d&#8217;Am\u00e9rique du Sud et d&#8217;Asie. Cela explique en partie la forte progression des taux d&#8217;occupation sur les segments luxe (+&nbsp;48&nbsp;%) et haut de gamme (+&nbsp;29&nbsp;%) en novembre par rapport \u00e0 l&#8217;ann\u00e9e derni\u00e8re. Les RevPAR connaissent presque un retour \u00e0 la normale et sont en croissance sur tous les segments, except\u00e9 l&#8217;h\u00f4tellerie super-\u00e9conomique, qui affiche, en cumul, un repli du taux d&#8217;occupation et du prix moyen. Toutefois, sur ces onze premiers mois, les prix moyens sont en retrait sur toutes les cat\u00e9gories sauf pour l&#8217;h\u00f4tellerie de luxe.<\/p>\n<p>En r\u00e9gion, les taux d&#8217;occupation et prix moyens sont en hausse sur l&#8217;ensemble des gammes except\u00e9 l&#8217;h\u00f4tellerie de luxe, qui enregistre un recul de 1 % de son prix moyen. Toutefois, les RevPAR sont en croissance sur toutes les cat\u00e9gories en novembre et sur les onze premiers mois de l&#8217;ann\u00e9e, malgr\u00e9 une l\u00e9g\u00e8re baisse des prix moyens dans l&#8217;h\u00f4tellerie milieu et haut de gamme mais aussi \u00e9conomique, de l&#8217;ordre de 1 %.<\/p>\n<p>mardi 9 janvier 2018<br \/>\nAvec l&#8217;amicale autorisation du Journal de l&#8217;H\u00f4tellerie<\/p>\n","protected":false},"excerpt":{"rendered":"<p>En novembre, Paris et la province ont enregistr\u00e9 de bons&#8230;<\/p>\n","protected":false},"author":5,"featured_media":32065,"comment_status":"open","ping_status":"open","sticky":false,"template":"","format":"standard","meta":{"_exactmetrics_skip_tracking":false,"_exactmetrics_sitenote_active":false,"_exactmetrics_sitenote_note":"","_exactmetrics_sitenote_category":0,"footnotes":""},"categories":[119],"tags":[139,140,141],"class_list":{"0":"post-7169","1":"post","2":"type-post","3":"status-publish","4":"format-standard","5":"has-post-thumbnail","7":"category-news","8":"tag-frequentation","9":"tag-hotel-2017","10":"tag-statistiques"},"yoast_head":"<!-- This site is optimized with the Yoast SEO plugin v24.9 - https:\/\/yoast.com\/wordpress\/plugins\/seo\/ -->\n<title>2017 s&#039;ach\u00e8ve sur une tendance positive pour l&#039;h\u00f4tellerie fran\u00e7aise - Barom\u00e8tre Deloitte - In Extenso<\/title>\n<meta name=\"robots\" content=\"index, follow, max-snippet:-1, max-image-preview:large, max-video-preview:-1\" \/>\n<link rel=\"canonical\" href=\"https:\/\/www.macarons-recrutement.com\/en\/2017-sacheve-sur-une-tendance-positive-pour-lhotellerie-francaise-barometre-deloitte-in-extenso\/\" \/>\n<meta property=\"og:locale\" content=\"en_GB\" \/>\n<meta property=\"og:locale:alternate\" content=\"fr_FR\" \/>\n<meta property=\"og:type\" content=\"article\" \/>\n<meta property=\"og:title\" content=\"2017 s&#039;ach\u00e8ve sur une tendance positive pour l&#039;h\u00f4tellerie fran\u00e7aise - Barom\u00e8tre Deloitte - In Extenso\" \/>\n<meta property=\"og:description\" content=\"En novembre, Paris et la province ont enregistr\u00e9 de bons...\" \/>\n<meta property=\"og:url\" content=\"https:\/\/www.macarons-recrutement.com\/en\/2017-sacheve-sur-une-tendance-positive-pour-lhotellerie-francaise-barometre-deloitte-in-extenso\/\" \/>\n<meta property=\"og:site_name\" content=\"Macarons Recrutement\" \/>\n<meta property=\"article:publisher\" content=\"https:\/\/www.facebook.com\/MacaronsRecrutement\/\" \/>\n<meta property=\"article:published_time\" content=\"2018-01-10T02:53:18+00:00\" \/>\n<meta property=\"article:modified_time\" content=\"2019-07-23T04:37:34+00:00\" \/>\n<meta property=\"og:image\" content=\"https:\/\/www.macarons-recrutement.com\/wp-content\/uploads\/2018\/01\/deloitte-9-janvier-18.jpg\" \/>\n\t<meta property=\"og:image:width\" content=\"450\" \/>\n\t<meta property=\"og:image:height\" content=\"157\" \/>\n\t<meta property=\"og:image:type\" content=\"image\/jpeg\" \/>\n<meta name=\"author\" content=\"ADMIN\" \/>\n<meta name=\"twitter:card\" content=\"summary_large_image\" \/>\n<meta name=\"twitter:label1\" content=\"Written by\" \/>\n\t<meta name=\"twitter:data1\" content=\"ADMIN\" \/>\n\t<meta name=\"twitter:label2\" content=\"Estimated reading time\" \/>\n\t<meta name=\"twitter:data2\" content=\"3 minutes\" \/>\n<script type=\"application\/ld+json\" class=\"yoast-schema-graph\">{\"@context\":\"https:\/\/schema.org\",\"@graph\":[{\"@type\":\"Article\",\"@id\":\"https:\/\/www.macarons-recrutement.com\/2017-sacheve-sur-une-tendance-positive-pour-lhotellerie-francaise-barometre-deloitte-in-extenso\/#article\",\"isPartOf\":{\"@id\":\"https:\/\/www.macarons-recrutement.com\/2017-sacheve-sur-une-tendance-positive-pour-lhotellerie-francaise-barometre-deloitte-in-extenso\/\"},\"author\":{\"name\":\"ADMIN\",\"@id\":\"https:\/\/www.macarons-recrutement.com\/#\/schema\/person\/6cd18bab96b27c5b0f72e620ea724e77\"},\"headline\":\"2017 s&#8217;ach\u00e8ve sur une tendance positive pour l&#8217;h\u00f4tellerie fran\u00e7aise &#8211; Barom\u00e8tre Deloitte &#8211; In Extenso\",\"datePublished\":\"2018-01-10T02:53:18+00:00\",\"dateModified\":\"2019-07-23T04:37:34+00:00\",\"mainEntityOfPage\":{\"@id\":\"https:\/\/www.macarons-recrutement.com\/2017-sacheve-sur-une-tendance-positive-pour-lhotellerie-francaise-barometre-deloitte-in-extenso\/\"},\"wordCount\":677,\"commentCount\":0,\"publisher\":{\"@id\":\"https:\/\/www.macarons-recrutement.com\/#organization\"},\"image\":{\"@id\":\"https:\/\/www.macarons-recrutement.com\/2017-sacheve-sur-une-tendance-positive-pour-lhotellerie-francaise-barometre-deloitte-in-extenso\/#primaryimage\"},\"thumbnailUrl\":\"https:\/\/www.macarons-recrutement.com\/wp-content\/uploads\/2018\/01\/deloitte-9-janvier-18.jpg\",\"keywords\":[\"fr\u00e9quentation\",\"h\u00f4tel 2017\",\"statistiques\"],\"articleSection\":[\"News\"],\"inLanguage\":\"en-GB\"},{\"@type\":\"WebPage\",\"@id\":\"https:\/\/www.macarons-recrutement.com\/2017-sacheve-sur-une-tendance-positive-pour-lhotellerie-francaise-barometre-deloitte-in-extenso\/\",\"url\":\"https:\/\/www.macarons-recrutement.com\/2017-sacheve-sur-une-tendance-positive-pour-lhotellerie-francaise-barometre-deloitte-in-extenso\/\",\"name\":\"2017 s'ach\u00e8ve sur une tendance positive pour l'h\u00f4tellerie fran\u00e7aise - Barom\u00e8tre Deloitte - In Extenso\",\"isPartOf\":{\"@id\":\"https:\/\/www.macarons-recrutement.com\/#website\"},\"primaryImageOfPage\":{\"@id\":\"https:\/\/www.macarons-recrutement.com\/2017-sacheve-sur-une-tendance-positive-pour-lhotellerie-francaise-barometre-deloitte-in-extenso\/#primaryimage\"},\"image\":{\"@id\":\"https:\/\/www.macarons-recrutement.com\/2017-sacheve-sur-une-tendance-positive-pour-lhotellerie-francaise-barometre-deloitte-in-extenso\/#primaryimage\"},\"thumbnailUrl\":\"https:\/\/www.macarons-recrutement.com\/wp-content\/uploads\/2018\/01\/deloitte-9-janvier-18.jpg\",\"datePublished\":\"2018-01-10T02:53:18+00:00\",\"dateModified\":\"2019-07-23T04:37:34+00:00\",\"breadcrumb\":{\"@id\":\"https:\/\/www.macarons-recrutement.com\/2017-sacheve-sur-une-tendance-positive-pour-lhotellerie-francaise-barometre-deloitte-in-extenso\/#breadcrumb\"},\"inLanguage\":\"en-GB\",\"potentialAction\":[{\"@type\":\"ReadAction\",\"target\":[\"https:\/\/www.macarons-recrutement.com\/2017-sacheve-sur-une-tendance-positive-pour-lhotellerie-francaise-barometre-deloitte-in-extenso\/\"]}]},{\"@type\":\"ImageObject\",\"inLanguage\":\"en-GB\",\"@id\":\"https:\/\/www.macarons-recrutement.com\/2017-sacheve-sur-une-tendance-positive-pour-lhotellerie-francaise-barometre-deloitte-in-extenso\/#primaryimage\",\"url\":\"https:\/\/www.macarons-recrutement.com\/wp-content\/uploads\/2018\/01\/deloitte-9-janvier-18.jpg\",\"contentUrl\":\"https:\/\/www.macarons-recrutement.com\/wp-content\/uploads\/2018\/01\/deloitte-9-janvier-18.jpg\",\"width\":450,\"height\":157},{\"@type\":\"BreadcrumbList\",\"@id\":\"https:\/\/www.macarons-recrutement.com\/2017-sacheve-sur-une-tendance-positive-pour-lhotellerie-francaise-barometre-deloitte-in-extenso\/#breadcrumb\",\"itemListElement\":[{\"@type\":\"ListItem\",\"position\":1,\"name\":\"Accueil\",\"item\":\"https:\/\/www.macarons-recrutement.com\/\"},{\"@type\":\"ListItem\",\"position\":2,\"name\":\"2017 s&rsquo;ach\u00e8ve sur une tendance positive pour l&rsquo;h\u00f4tellerie fran\u00e7aise &#8211; Barom\u00e8tre Deloitte &#8211; In Extenso\"}]},{\"@type\":\"WebSite\",\"@id\":\"https:\/\/www.macarons-recrutement.com\/#website\",\"url\":\"https:\/\/www.macarons-recrutement.com\/\",\"name\":\"Macarons Recrutement H\u00f4tels & Restaurants\",\"description\":\"For hoteliers by hoteliers\",\"publisher\":{\"@id\":\"https:\/\/www.macarons-recrutement.com\/#organization\"},\"alternateName\":\"Macarons Recrutement H\u00f4tels & Restaurants\",\"potentialAction\":[{\"@type\":\"SearchAction\",\"target\":{\"@type\":\"EntryPoint\",\"urlTemplate\":\"https:\/\/www.macarons-recrutement.com\/?s={search_term_string}\"},\"query-input\":{\"@type\":\"PropertyValueSpecification\",\"valueRequired\":true,\"valueName\":\"search_term_string\"}}],\"inLanguage\":\"en-GB\"},{\"@type\":\"Organization\",\"@id\":\"https:\/\/www.macarons-recrutement.com\/#organization\",\"name\":\"Macarons Recrutement H\u00f4tels & Restaurants\",\"alternateName\":\"Macarons Recrutement H\u00f4tels & Restaurants\",\"url\":\"https:\/\/www.macarons-recrutement.com\/\",\"logo\":{\"@type\":\"ImageObject\",\"inLanguage\":\"en-GB\",\"@id\":\"https:\/\/www.macarons-recrutement.com\/#\/schema\/logo\/image\/\",\"url\":\"https:\/\/www.macarons-recrutement.com\/wp-content\/uploads\/2019\/06\/logo-MACARON-recruitment-hospitality-industry.jpg\",\"contentUrl\":\"https:\/\/www.macarons-recrutement.com\/wp-content\/uploads\/2019\/06\/logo-MACARON-recruitment-hospitality-industry.jpg\",\"width\":700,\"height\":329,\"caption\":\"Macarons Recrutement H\u00f4tels & Restaurants\"},\"image\":{\"@id\":\"https:\/\/www.macarons-recrutement.com\/#\/schema\/logo\/image\/\"},\"sameAs\":[\"https:\/\/www.facebook.com\/MacaronsRecrutement\/\",\"https:\/\/www.instagram.com\/macaronsrecrutement\/?hl=fr\",\"https:\/\/www.linkedin.com\/company\/macarons-hotels-restaurants-global-experts\/\"]},{\"@type\":\"Person\",\"@id\":\"https:\/\/www.macarons-recrutement.com\/#\/schema\/person\/6cd18bab96b27c5b0f72e620ea724e77\",\"name\":\"ADMIN\",\"image\":{\"@type\":\"ImageObject\",\"inLanguage\":\"en-GB\",\"@id\":\"https:\/\/www.macarons-recrutement.com\/#\/schema\/person\/image\/\",\"url\":\"https:\/\/secure.gravatar.com\/avatar\/5e655ad02f6a0ac842fbc8cb3eb00276?s=96&d=mm&r=g\",\"contentUrl\":\"https:\/\/secure.gravatar.com\/avatar\/5e655ad02f6a0ac842fbc8cb3eb00276?s=96&d=mm&r=g\",\"caption\":\"ADMIN\"},\"url\":\"https:\/\/www.macarons-recrutement.com\/en\/author\/flexadmin\/\"}]}<\/script>\n<!-- \/ Yoast SEO plugin. -->","yoast_head_json":{"title":"2017 s'ach\u00e8ve sur une tendance positive pour l'h\u00f4tellerie fran\u00e7aise - Barom\u00e8tre Deloitte - In Extenso","robots":{"index":"index","follow":"follow","max-snippet":"max-snippet:-1","max-image-preview":"max-image-preview:large","max-video-preview":"max-video-preview:-1"},"canonical":"https:\/\/www.macarons-recrutement.com\/en\/2017-sacheve-sur-une-tendance-positive-pour-lhotellerie-francaise-barometre-deloitte-in-extenso\/","og_locale":"en_GB","og_type":"article","og_title":"[:fr]2017 s'ach\u00e8ve sur une tendance positive pour l'h\u00f4tellerie fran\u00e7aise - Barom\u00e8tre Deloitte - In Extenso[:] - Macarons Recrutement","og_description":"En novembre, Paris et la province ont enregistr\u00e9 de bons...","og_url":"https:\/\/www.macarons-recrutement.com\/en\/2017-sacheve-sur-une-tendance-positive-pour-lhotellerie-francaise-barometre-deloitte-in-extenso\/","og_site_name":"Macarons Recrutement","article_publisher":"https:\/\/www.facebook.com\/MacaronsRecrutement\/","article_published_time":"2018-01-10T02:53:18+00:00","article_modified_time":"2019-07-23T04:37:34+00:00","og_image":[{"width":450,"height":157,"url":"https:\/\/www.macarons-recrutement.com\/wp-content\/uploads\/2018\/01\/deloitte-9-janvier-18.jpg","type":"image\/jpeg"}],"author":"ADMIN","twitter_card":"summary_large_image","twitter_misc":{"Written by":"ADMIN","Estimated reading time":"3 minutes"},"schema":{"@context":"https:\/\/schema.org","@graph":[{"@type":"Article","@id":"https:\/\/www.macarons-recrutement.com\/2017-sacheve-sur-une-tendance-positive-pour-lhotellerie-francaise-barometre-deloitte-in-extenso\/#article","isPartOf":{"@id":"https:\/\/www.macarons-recrutement.com\/2017-sacheve-sur-une-tendance-positive-pour-lhotellerie-francaise-barometre-deloitte-in-extenso\/"},"author":{"name":"ADMIN","@id":"https:\/\/www.macarons-recrutement.com\/#\/schema\/person\/6cd18bab96b27c5b0f72e620ea724e77"},"headline":"2017 s&#8217;ach\u00e8ve sur une tendance positive pour l&#8217;h\u00f4tellerie fran\u00e7aise &#8211; Barom\u00e8tre Deloitte &#8211; In Extenso","datePublished":"2018-01-10T02:53:18+00:00","dateModified":"2019-07-23T04:37:34+00:00","mainEntityOfPage":{"@id":"https:\/\/www.macarons-recrutement.com\/2017-sacheve-sur-une-tendance-positive-pour-lhotellerie-francaise-barometre-deloitte-in-extenso\/"},"wordCount":677,"commentCount":0,"publisher":{"@id":"https:\/\/www.macarons-recrutement.com\/#organization"},"image":{"@id":"https:\/\/www.macarons-recrutement.com\/2017-sacheve-sur-une-tendance-positive-pour-lhotellerie-francaise-barometre-deloitte-in-extenso\/#primaryimage"},"thumbnailUrl":"https:\/\/www.macarons-recrutement.com\/wp-content\/uploads\/2018\/01\/deloitte-9-janvier-18.jpg","keywords":["fr\u00e9quentation","h\u00f4tel 2017","statistiques"],"articleSection":["News"],"inLanguage":"en-GB"},{"@type":"WebPage","@id":"https:\/\/www.macarons-recrutement.com\/2017-sacheve-sur-une-tendance-positive-pour-lhotellerie-francaise-barometre-deloitte-in-extenso\/","url":"https:\/\/www.macarons-recrutement.com\/2017-sacheve-sur-une-tendance-positive-pour-lhotellerie-francaise-barometre-deloitte-in-extenso\/","name":"2017 s'ach\u00e8ve sur une tendance positive pour l'h\u00f4tellerie fran\u00e7aise - Barom\u00e8tre Deloitte - In Extenso","isPartOf":{"@id":"https:\/\/www.macarons-recrutement.com\/#website"},"primaryImageOfPage":{"@id":"https:\/\/www.macarons-recrutement.com\/2017-sacheve-sur-une-tendance-positive-pour-lhotellerie-francaise-barometre-deloitte-in-extenso\/#primaryimage"},"image":{"@id":"https:\/\/www.macarons-recrutement.com\/2017-sacheve-sur-une-tendance-positive-pour-lhotellerie-francaise-barometre-deloitte-in-extenso\/#primaryimage"},"thumbnailUrl":"https:\/\/www.macarons-recrutement.com\/wp-content\/uploads\/2018\/01\/deloitte-9-janvier-18.jpg","datePublished":"2018-01-10T02:53:18+00:00","dateModified":"2019-07-23T04:37:34+00:00","breadcrumb":{"@id":"https:\/\/www.macarons-recrutement.com\/2017-sacheve-sur-une-tendance-positive-pour-lhotellerie-francaise-barometre-deloitte-in-extenso\/#breadcrumb"},"inLanguage":"en-GB","potentialAction":[{"@type":"ReadAction","target":["https:\/\/www.macarons-recrutement.com\/2017-sacheve-sur-une-tendance-positive-pour-lhotellerie-francaise-barometre-deloitte-in-extenso\/"]}]},{"@type":"ImageObject","inLanguage":"en-GB","@id":"https:\/\/www.macarons-recrutement.com\/2017-sacheve-sur-une-tendance-positive-pour-lhotellerie-francaise-barometre-deloitte-in-extenso\/#primaryimage","url":"https:\/\/www.macarons-recrutement.com\/wp-content\/uploads\/2018\/01\/deloitte-9-janvier-18.jpg","contentUrl":"https:\/\/www.macarons-recrutement.com\/wp-content\/uploads\/2018\/01\/deloitte-9-janvier-18.jpg","width":450,"height":157},{"@type":"BreadcrumbList","@id":"https:\/\/www.macarons-recrutement.com\/2017-sacheve-sur-une-tendance-positive-pour-lhotellerie-francaise-barometre-deloitte-in-extenso\/#breadcrumb","itemListElement":[{"@type":"ListItem","position":1,"name":"Accueil","item":"https:\/\/www.macarons-recrutement.com\/"},{"@type":"ListItem","position":2,"name":"2017 s&rsquo;ach\u00e8ve sur une tendance positive pour l&rsquo;h\u00f4tellerie fran\u00e7aise &#8211; Barom\u00e8tre Deloitte &#8211; In Extenso"}]},{"@type":"WebSite","@id":"https:\/\/www.macarons-recrutement.com\/#website","url":"https:\/\/www.macarons-recrutement.com\/","name":"Macarons Recrutement H\u00f4tels & Restaurants","description":"For hoteliers by hoteliers","publisher":{"@id":"https:\/\/www.macarons-recrutement.com\/#organization"},"alternateName":"Macarons Recrutement H\u00f4tels & Restaurants","potentialAction":[{"@type":"SearchAction","target":{"@type":"EntryPoint","urlTemplate":"https:\/\/www.macarons-recrutement.com\/?s={search_term_string}"},"query-input":{"@type":"PropertyValueSpecification","valueRequired":true,"valueName":"search_term_string"}}],"inLanguage":"en-GB"},{"@type":"Organization","@id":"https:\/\/www.macarons-recrutement.com\/#organization","name":"Macarons Recrutement H\u00f4tels & Restaurants","alternateName":"Macarons Recrutement H\u00f4tels & Restaurants","url":"https:\/\/www.macarons-recrutement.com\/","logo":{"@type":"ImageObject","inLanguage":"en-GB","@id":"https:\/\/www.macarons-recrutement.com\/#\/schema\/logo\/image\/","url":"https:\/\/www.macarons-recrutement.com\/wp-content\/uploads\/2019\/06\/logo-MACARON-recruitment-hospitality-industry.jpg","contentUrl":"https:\/\/www.macarons-recrutement.com\/wp-content\/uploads\/2019\/06\/logo-MACARON-recruitment-hospitality-industry.jpg","width":700,"height":329,"caption":"Macarons Recrutement H\u00f4tels & Restaurants"},"image":{"@id":"https:\/\/www.macarons-recrutement.com\/#\/schema\/logo\/image\/"},"sameAs":["https:\/\/www.facebook.com\/MacaronsRecrutement\/","https:\/\/www.instagram.com\/macaronsrecrutement\/?hl=fr","https:\/\/www.linkedin.com\/company\/macarons-hotels-restaurants-global-experts\/"]},{"@type":"Person","@id":"https:\/\/www.macarons-recrutement.com\/#\/schema\/person\/6cd18bab96b27c5b0f72e620ea724e77","name":"ADMIN","image":{"@type":"ImageObject","inLanguage":"en-GB","@id":"https:\/\/www.macarons-recrutement.com\/#\/schema\/person\/image\/","url":"https:\/\/secure.gravatar.com\/avatar\/5e655ad02f6a0ac842fbc8cb3eb00276?s=96&d=mm&r=g","contentUrl":"https:\/\/secure.gravatar.com\/avatar\/5e655ad02f6a0ac842fbc8cb3eb00276?s=96&d=mm&r=g","caption":"ADMIN"},"url":"https:\/\/www.macarons-recrutement.com\/en\/author\/flexadmin\/"}]}},"_links":{"self":[{"href":"https:\/\/www.macarons-recrutement.com\/en\/wp-json\/wp\/v2\/posts\/7169"}],"collection":[{"href":"https:\/\/www.macarons-recrutement.com\/en\/wp-json\/wp\/v2\/posts"}],"about":[{"href":"https:\/\/www.macarons-recrutement.com\/en\/wp-json\/wp\/v2\/types\/post"}],"author":[{"embeddable":true,"href":"https:\/\/www.macarons-recrutement.com\/en\/wp-json\/wp\/v2\/users\/5"}],"replies":[{"embeddable":true,"href":"https:\/\/www.macarons-recrutement.com\/en\/wp-json\/wp\/v2\/comments?post=7169"}],"version-history":[{"count":0,"href":"https:\/\/www.macarons-recrutement.com\/en\/wp-json\/wp\/v2\/posts\/7169\/revisions"}],"wp:featuredmedia":[{"embeddable":true,"href":"https:\/\/www.macarons-recrutement.com\/en\/wp-json\/wp\/v2\/media\/32065"}],"wp:attachment":[{"href":"https:\/\/www.macarons-recrutement.com\/en\/wp-json\/wp\/v2\/media?parent=7169"}],"wp:term":[{"taxonomy":"category","embeddable":true,"href":"https:\/\/www.macarons-recrutement.com\/en\/wp-json\/wp\/v2\/categories?post=7169"},{"taxonomy":"post_tag","embeddable":true,"href":"https:\/\/www.macarons-recrutement.com\/en\/wp-json\/wp\/v2\/tags?post=7169"}],"curies":[{"name":"wp","href":"https:\/\/api.w.org\/{rel}","templated":true}]}}