{"id":5558,"date":"2016-12-20T13:09:15","date_gmt":"2016-12-20T12:09:15","guid":{"rendered":"http:\/\/macarons.intuition-web.com\/?p=5558"},"modified":"2019-07-23T05:40:11","modified_gmt":"2019-07-23T05:40:11","slug":"lemployeur-peut-il-faire-peser-la-responsabilite-de-lhygiene-et-de-la-securite-sur-ses-employes","status":"publish","type":"post","link":"https:\/\/www.macarons-recrutement.com\/en\/lemployeur-peut-il-faire-peser-la-responsabilite-de-lhygiene-et-de-la-securite-sur-ses-employes\/","title":{"rendered":"L&#8217;employeur peut-il faire peser la responsabilit\u00e9 de l&#8217;hygi\u00e8ne et de la s\u00e9curit\u00e9 sur ses employ\u00e9s\u00a0?"},"content":{"rendered":"<p>lundi 19 d\u00e9cembre 2016<\/p>\n<p>Un chef de cuisine peut-il \u00eatre tenu responsable de la s\u00e9curit\u00e9 en cuisine et de l&#8217;hygi\u00e8ne des chambres froides et cong\u00e9lateurs ? Oui, s&#8217;il a sign\u00e9 une d\u00e9l\u00e9gation de pouvoir, \u00e0 condition toutefois que cette d\u00e9l\u00e9gation respecte les conditions de fond et de forme. Le point avec Bastien Ottaviani, associ\u00e9 du cabinet Vaughan Avocats<\/p>\n<p><strong>L&#8217;H\u00f4tellerie Restauration<\/strong> : Qu&#8217;est-ce qu&#8217;une d\u00e9l\u00e9gation de pouvoir&nbsp;?<\/p>\n<p>Bastien Ottaviani : La d\u00e9l\u00e9gation de pouvoir est un m\u00e9canisme permettant de transf\u00e9rer les pouvoirs et la responsabilit\u00e9 pesant sur le chef d&#8217;entreprise \u00e0 une autre personne, dite le d\u00e9l\u00e9gataire. Le chef d&#8217;entreprise, qui n&#8217;est pas toujours en mesure de surveiller le respect de la r\u00e9glementation par chacun de ses employ\u00e9s, peut d\u00e9l\u00e9guer ses pouvoirs \u00e0 l&#8217;un de ses subordonn\u00e9s, et ne sera pas tenu responsable en cas d&#8217;infraction. C&#8217;est le d\u00e9l\u00e9gataire qui verra sa responsabilit\u00e9 engag\u00e9e.<br \/>\nPar exemple, le respect des r\u00e8gles d&#8217;hygi\u00e8ne et de s\u00e9curit\u00e9 peut \u00eatre d\u00e9l\u00e9gu\u00e9 au chef de cuisine, le pouvoir disciplinaire au responsable de service, les relations avec les repr\u00e9sentant du personnel au directeur des ressources humaines.<\/p>\n<p>Quels sont les effets d&#8217;une d\u00e9l\u00e9gation de pouvoir en mati\u00e8re d&#8217;hygi\u00e8ne et s\u00e9curit\u00e9 en cuisine&nbsp;?<\/p>\n<p>C&#8217;est le chef de cuisine d\u00e9l\u00e9gataire qui endosse la responsabilit\u00e9 de veiller \u00e0 l&#8217;application et au respect des normes en mati\u00e8re d&#8217;hygi\u00e8ne et de s\u00e9curit\u00e9, tant au regard des salari\u00e9s, des clients que des produits consomm\u00e9s. Il doit alerter son responsable s&#8217;il constate des violations et doit b\u00e9n\u00e9ficier de sa part de tous les moyens n\u00e9cessaires \u00e0 assurer le respect de la d\u00e9l\u00e9gation.<\/p>\n<p>Comment se concr\u00e9tise une d\u00e9l\u00e9gation de pouvoir&nbsp;?<\/p>\n<p>La d\u00e9l\u00e9gation de pouvoir n&#8217;est soumise \u00e0 aucune formalit\u00e9 d\u00e9termin\u00e9e par la loi. Le plus souvent il s&#8217;agit d&#8217;un document annexe et diff\u00e9rent du contrat de travail, car, contrairement \u00e0 ce dernier qui est conclu avec l&#8217;entreprise [en tant que] personne morale, la d\u00e9l\u00e9gation de pouvoir engage le g\u00e9rant, personne physique. Un d\u00e9l\u00e9gation de pouvoir peut aussi \u00eatre sign\u00e9e \u00e0 l&#8217;occasion d&#8217;une promotion lorsque celle-ci s&#8217;accompagne d&#8217;un changement de niveau de classification, par exemple, le salari\u00e9 \u00e9tait agent de ma\u00eetrise et passe cadre.<\/p>\n<p>En cas de litige, le juge va rechercher l&#8217;effectivit\u00e9 de la d\u00e9l\u00e9gation, c&#8217;est-\u00e0-dire qu&#8217;il va chercher \u00e0 savoir si le d\u00e9l\u00e9gataire a \u00e9t\u00e9 en mesure d&#8217;exercer les pouvoirs qui lui ont \u00e9t\u00e9 accord\u00e9s. Or, sur ce point, l&#8217;existence d&#8217;un \u00e9crit n&#8217;a aucune valeur probatoire. La preuve d&#8217;une d\u00e9l\u00e9gation de pouvoir peut \u00eatre rapport\u00e9e par tout moyen, donc par l&#8217;\u00e9crit&nbsp;; mais pas n\u00e9cessairement.<\/p>\n<p>Ainsi ce n&#8217;est pas parce que le g\u00e9rant a fait signer une d\u00e9l\u00e9gation de pouvoir \u00e0 son chef de cuisine, que celui-ci sera jug\u00e9 responsable, si dans les faits, il n&#8217;avait pas les moyens ni l&#8217;autorit\u00e9 pour faire respecter les r\u00e8gles d&#8217;hygi\u00e8ne. Mais, si une d\u00e9l\u00e9gation de pouvoir est bien r\u00e9dig\u00e9e, et que le g\u00e9rant peut \u00e9tablir que le chef de cuisine disposait de tous les moyens n\u00e9cessaires et des comp\u00e9tences requises, la responsabilit\u00e9 du chef de cuisine pourra \u00eatre engag\u00e9e en vertu de cette d\u00e9l\u00e9gation de pouvoir.<\/p>\n<p>Quelles sont les conditions de fond pour qu&#8217;une d\u00e9l\u00e9gation de pouvoir soit valable&nbsp;?<\/p>\n<p>Selon la jurisprudence, une d\u00e9l\u00e9gation de pouvoir est valable uniquement si, d&#8217;une part, la d\u00e9l\u00e9gation est limit\u00e9e \u00e0 un domaine sp\u00e9cifique (exemple : l&#8217;hygi\u00e8ne et la s\u00e9curit\u00e9 en cuisine) et si, d&#8217;autre part, le d\u00e9l\u00e9gataire est pourvu de la comp\u00e9tence et de l&#8217;autorit\u00e9 n\u00e9cessaire pour veiller efficacement \u00e0 l&#8217;observation de la r\u00e9glementation.<\/p>\n<p>C&#8217;est la raison pour laquelle une d\u00e9l\u00e9gation de pouvoir s&#8217;accompagne souvent d&#8217;une formation car celle-ci renforce la valeur de la d\u00e9l\u00e9gation. Le g\u00e9rant d&#8217;un restaurant ne pourrait pas d\u00e9l\u00e9guer valablement la responsabilit\u00e9 de l&#8217;hygi\u00e8ne alimentaire \u00e0 un commis par exemple, ni au responsable de la cuisine si celui-ci ne peut pas attester d&#8217;une formation HACCP. Il faut aussi que le chef de cuisine d\u00e9l\u00e9gataire dispose des moyens n\u00e9cessaires au suivi de la r\u00e9glementation. Ce ne serait par exemple pas le cas si le g\u00e9rant refusait d&#8217;installer dans la cuisine et les locaux sanitaires des lave-mains \u00e0 commandes hygi\u00e9niques ou des thermom\u00e8tres de contr\u00f4le dans les enceintes froides.<\/p>\n<p>Tiphaine Beausseron<\/p>\n<p>Cod\u00e9l\u00e9gation et subd\u00e9l\u00e9gation<\/p>\n<p>La cod\u00e9l\u00e9gation, c&#8217;est-\u00e0-dire d\u00e9l\u00e9guer les m\u00eames pouvoirs \u00e0 deux personnes est interdite et n&#8217;aurait donc aucun effet.<br \/>\nEn revanche, la subd\u00e9l\u00e9gation de pouvoirs est admise,&nbsp;c&#8217;est-\u00e0-dire d\u00e9l\u00e9guer une partie de ses attributions \u00e0 une autre personne munie de l&#8217;autorit\u00e9, des moyens et de la comp\u00e9tence n\u00e9cessaires. Par exemple, un directeur de restaurant peut se voir d\u00e9l\u00e9guer la responsabilit\u00e9 de l&#8217;hygi\u00e8ne et de s\u00e9curit\u00e9 du travail ainsi que de la gestion du personnel. Ce directeur de restaurant peut \u00e0 son tour d\u00e9l\u00e9guer au chef de cuisine l&#8217;hygi\u00e8ne et la s\u00e9curit\u00e9 en cuisine, ainsi que les embauches en cuisine.<\/p>\n<p>Avec l&#8217;amicale autorisation du Journal de l&#8217;H\u00f4tellerie<\/p>\n","protected":false},"excerpt":{"rendered":"<p>lundi 19 d\u00e9cembre 2016 Un chef de cuisine peut-il \u00eatre&#8230;<\/p>\n","protected":false},"author":5,"featured_media":32075,"comment_status":"open","ping_status":"open","sticky":false,"template":"","format":"standard","meta":{"_exactmetrics_skip_tracking":false,"_exactmetrics_sitenote_active":false,"_exactmetrics_sitenote_note":"","_exactmetrics_sitenote_category":0,"footnotes":""},"categories":[119],"tags":[],"class_list":{"0":"post-5558","1":"post","2":"type-post","3":"status-publish","4":"format-standard","5":"has-post-thumbnail","7":"category-news"},"yoast_head":"<!-- This site is optimized with the Yoast SEO plugin v24.9 - https:\/\/yoast.com\/wordpress\/plugins\/seo\/ -->\n<title>L&#039;employeur peut-il faire peser la responsabilit\u00e9 de l&#039;hygi\u00e8ne et de la s\u00e9curit\u00e9 sur ses employ\u00e9s\u00a0?<\/title>\n<meta name=\"robots\" content=\"index, follow, max-snippet:-1, max-image-preview:large, max-video-preview:-1\" \/>\n<link rel=\"canonical\" href=\"https:\/\/www.macarons-recrutement.com\/en\/lemployeur-peut-il-faire-peser-la-responsabilite-de-lhygiene-et-de-la-securite-sur-ses-employes\/\" \/>\n<meta property=\"og:locale\" content=\"en_GB\" \/>\n<meta property=\"og:locale:alternate\" content=\"fr_FR\" \/>\n<meta property=\"og:type\" content=\"article\" \/>\n<meta property=\"og:title\" content=\"L&#039;employeur peut-il faire peser la responsabilit\u00e9 de l&#039;hygi\u00e8ne et de la s\u00e9curit\u00e9 sur ses employ\u00e9s\u00a0?\" \/>\n<meta property=\"og:description\" content=\"lundi 19 d\u00e9cembre 2016 Un chef de cuisine peut-il \u00eatre...\" \/>\n<meta property=\"og:url\" content=\"https:\/\/www.macarons-recrutement.com\/en\/lemployeur-peut-il-faire-peser-la-responsabilite-de-lhygiene-et-de-la-securite-sur-ses-employes\/\" \/>\n<meta property=\"og:site_name\" content=\"Macarons Recrutement\" \/>\n<meta property=\"article:publisher\" content=\"https:\/\/www.facebook.com\/MacaronsRecrutement\/\" \/>\n<meta property=\"article:published_time\" content=\"2016-12-20T12:09:15+00:00\" \/>\n<meta property=\"article:modified_time\" content=\"2019-07-23T05:40:11+00:00\" \/>\n<meta property=\"og:image\" content=\"https:\/\/www.macarons-recrutement.com\/wp-content\/uploads\/2016\/12\/Hygi\u00e8ne-jan-17.jpeg\" \/>\n\t<meta property=\"og:image:width\" content=\"980\" \/>\n\t<meta property=\"og:image:height\" content=\"480\" \/>\n\t<meta property=\"og:image:type\" content=\"image\/jpeg\" \/>\n<meta name=\"author\" content=\"ADMIN\" \/>\n<meta name=\"twitter:card\" content=\"summary_large_image\" \/>\n<meta name=\"twitter:label1\" content=\"Written by\" \/>\n\t<meta name=\"twitter:data1\" content=\"ADMIN\" \/>\n\t<meta name=\"twitter:label2\" content=\"Estimated reading time\" \/>\n\t<meta name=\"twitter:data2\" content=\"5 minutes\" \/>\n<script type=\"application\/ld+json\" class=\"yoast-schema-graph\">{\"@context\":\"https:\/\/schema.org\",\"@graph\":[{\"@type\":\"Article\",\"@id\":\"https:\/\/www.macarons-recrutement.com\/lemployeur-peut-il-faire-peser-la-responsabilite-de-lhygiene-et-de-la-securite-sur-ses-employes\/#article\",\"isPartOf\":{\"@id\":\"https:\/\/www.macarons-recrutement.com\/lemployeur-peut-il-faire-peser-la-responsabilite-de-lhygiene-et-de-la-securite-sur-ses-employes\/\"},\"author\":{\"name\":\"ADMIN\",\"@id\":\"https:\/\/www.macarons-recrutement.com\/#\/schema\/person\/6cd18bab96b27c5b0f72e620ea724e77\"},\"headline\":\"L&#8217;employeur peut-il faire peser la responsabilit\u00e9 de l&#8217;hygi\u00e8ne et de la s\u00e9curit\u00e9 sur ses employ\u00e9s\u00a0?\",\"datePublished\":\"2016-12-20T12:09:15+00:00\",\"dateModified\":\"2019-07-23T05:40:11+00:00\",\"mainEntityOfPage\":{\"@id\":\"https:\/\/www.macarons-recrutement.com\/lemployeur-peut-il-faire-peser-la-responsabilite-de-lhygiene-et-de-la-securite-sur-ses-employes\/\"},\"wordCount\":988,\"commentCount\":0,\"publisher\":{\"@id\":\"https:\/\/www.macarons-recrutement.com\/#organization\"},\"image\":{\"@id\":\"https:\/\/www.macarons-recrutement.com\/lemployeur-peut-il-faire-peser-la-responsabilite-de-lhygiene-et-de-la-securite-sur-ses-employes\/#primaryimage\"},\"thumbnailUrl\":\"https:\/\/www.macarons-recrutement.com\/wp-content\/uploads\/2016\/12\/Hygi\u00e8ne-jan-17.jpeg\",\"articleSection\":[\"News\"],\"inLanguage\":\"en-GB\"},{\"@type\":\"WebPage\",\"@id\":\"https:\/\/www.macarons-recrutement.com\/lemployeur-peut-il-faire-peser-la-responsabilite-de-lhygiene-et-de-la-securite-sur-ses-employes\/\",\"url\":\"https:\/\/www.macarons-recrutement.com\/lemployeur-peut-il-faire-peser-la-responsabilite-de-lhygiene-et-de-la-securite-sur-ses-employes\/\",\"name\":\"L'employeur peut-il faire peser la responsabilit\u00e9 de l'hygi\u00e8ne et de la s\u00e9curit\u00e9 sur ses employ\u00e9s\u00a0?\",\"isPartOf\":{\"@id\":\"https:\/\/www.macarons-recrutement.com\/#website\"},\"primaryImageOfPage\":{\"@id\":\"https:\/\/www.macarons-recrutement.com\/lemployeur-peut-il-faire-peser-la-responsabilite-de-lhygiene-et-de-la-securite-sur-ses-employes\/#primaryimage\"},\"image\":{\"@id\":\"https:\/\/www.macarons-recrutement.com\/lemployeur-peut-il-faire-peser-la-responsabilite-de-lhygiene-et-de-la-securite-sur-ses-employes\/#primaryimage\"},\"thumbnailUrl\":\"https:\/\/www.macarons-recrutement.com\/wp-content\/uploads\/2016\/12\/Hygi\u00e8ne-jan-17.jpeg\",\"datePublished\":\"2016-12-20T12:09:15+00:00\",\"dateModified\":\"2019-07-23T05:40:11+00:00\",\"breadcrumb\":{\"@id\":\"https:\/\/www.macarons-recrutement.com\/lemployeur-peut-il-faire-peser-la-responsabilite-de-lhygiene-et-de-la-securite-sur-ses-employes\/#breadcrumb\"},\"inLanguage\":\"en-GB\",\"potentialAction\":[{\"@type\":\"ReadAction\",\"target\":[\"https:\/\/www.macarons-recrutement.com\/lemployeur-peut-il-faire-peser-la-responsabilite-de-lhygiene-et-de-la-securite-sur-ses-employes\/\"]}]},{\"@type\":\"ImageObject\",\"inLanguage\":\"en-GB\",\"@id\":\"https:\/\/www.macarons-recrutement.com\/lemployeur-peut-il-faire-peser-la-responsabilite-de-lhygiene-et-de-la-securite-sur-ses-employes\/#primaryimage\",\"url\":\"https:\/\/www.macarons-recrutement.com\/wp-content\/uploads\/2016\/12\/Hygi\u00e8ne-jan-17.jpeg\",\"contentUrl\":\"https:\/\/www.macarons-recrutement.com\/wp-content\/uploads\/2016\/12\/Hygi\u00e8ne-jan-17.jpeg\",\"width\":980,\"height\":480},{\"@type\":\"BreadcrumbList\",\"@id\":\"https:\/\/www.macarons-recrutement.com\/lemployeur-peut-il-faire-peser-la-responsabilite-de-lhygiene-et-de-la-securite-sur-ses-employes\/#breadcrumb\",\"itemListElement\":[{\"@type\":\"ListItem\",\"position\":1,\"name\":\"Accueil\",\"item\":\"https:\/\/www.macarons-recrutement.com\/\"},{\"@type\":\"ListItem\",\"position\":2,\"name\":\"L&#8217;employeur peut-il faire peser la responsabilit\u00e9 de l&#8217;hygi\u00e8ne et de la s\u00e9curit\u00e9 sur ses employ\u00e9s\u00a0?\"}]},{\"@type\":\"WebSite\",\"@id\":\"https:\/\/www.macarons-recrutement.com\/#website\",\"url\":\"https:\/\/www.macarons-recrutement.com\/\",\"name\":\"Macarons Recrutement H\u00f4tels & Restaurants\",\"description\":\"For hoteliers by hoteliers\",\"publisher\":{\"@id\":\"https:\/\/www.macarons-recrutement.com\/#organization\"},\"alternateName\":\"Macarons Recrutement H\u00f4tels & Restaurants\",\"potentialAction\":[{\"@type\":\"SearchAction\",\"target\":{\"@type\":\"EntryPoint\",\"urlTemplate\":\"https:\/\/www.macarons-recrutement.com\/?s={search_term_string}\"},\"query-input\":{\"@type\":\"PropertyValueSpecification\",\"valueRequired\":true,\"valueName\":\"search_term_string\"}}],\"inLanguage\":\"en-GB\"},{\"@type\":\"Organization\",\"@id\":\"https:\/\/www.macarons-recrutement.com\/#organization\",\"name\":\"Macarons Recrutement H\u00f4tels & Restaurants\",\"alternateName\":\"Macarons Recrutement H\u00f4tels & Restaurants\",\"url\":\"https:\/\/www.macarons-recrutement.com\/\",\"logo\":{\"@type\":\"ImageObject\",\"inLanguage\":\"en-GB\",\"@id\":\"https:\/\/www.macarons-recrutement.com\/#\/schema\/logo\/image\/\",\"url\":\"https:\/\/www.macarons-recrutement.com\/wp-content\/uploads\/2019\/06\/logo-MACARON-recruitment-hospitality-industry.jpg\",\"contentUrl\":\"https:\/\/www.macarons-recrutement.com\/wp-content\/uploads\/2019\/06\/logo-MACARON-recruitment-hospitality-industry.jpg\",\"width\":700,\"height\":329,\"caption\":\"Macarons Recrutement H\u00f4tels & Restaurants\"},\"image\":{\"@id\":\"https:\/\/www.macarons-recrutement.com\/#\/schema\/logo\/image\/\"},\"sameAs\":[\"https:\/\/www.facebook.com\/MacaronsRecrutement\/\",\"https:\/\/www.instagram.com\/macaronsrecrutement\/?hl=fr\",\"https:\/\/www.linkedin.com\/company\/macarons-hotels-restaurants-global-experts\/\"]},{\"@type\":\"Person\",\"@id\":\"https:\/\/www.macarons-recrutement.com\/#\/schema\/person\/6cd18bab96b27c5b0f72e620ea724e77\",\"name\":\"ADMIN\",\"image\":{\"@type\":\"ImageObject\",\"inLanguage\":\"en-GB\",\"@id\":\"https:\/\/www.macarons-recrutement.com\/#\/schema\/person\/image\/\",\"url\":\"https:\/\/secure.gravatar.com\/avatar\/5e655ad02f6a0ac842fbc8cb3eb00276?s=96&d=mm&r=g\",\"contentUrl\":\"https:\/\/secure.gravatar.com\/avatar\/5e655ad02f6a0ac842fbc8cb3eb00276?s=96&d=mm&r=g\",\"caption\":\"ADMIN\"},\"url\":\"https:\/\/www.macarons-recrutement.com\/en\/author\/flexadmin\/\"}]}<\/script>\n<!-- \/ Yoast SEO plugin. -->","yoast_head_json":{"title":"L'employeur peut-il faire peser la responsabilit\u00e9 de l'hygi\u00e8ne et de la s\u00e9curit\u00e9 sur ses employ\u00e9s\u00a0?","robots":{"index":"index","follow":"follow","max-snippet":"max-snippet:-1","max-image-preview":"max-image-preview:large","max-video-preview":"max-video-preview:-1"},"canonical":"https:\/\/www.macarons-recrutement.com\/en\/lemployeur-peut-il-faire-peser-la-responsabilite-de-lhygiene-et-de-la-securite-sur-ses-employes\/","og_locale":"en_GB","og_type":"article","og_title":"[:fr]L'employeur peut-il faire peser la responsabilit\u00e9 de l'hygi\u00e8ne et de la s\u00e9curit\u00e9 sur ses employ\u00e9s\u00a0?[:] - Macarons Recrutement","og_description":"lundi 19 d\u00e9cembre 2016 Un chef de cuisine peut-il \u00eatre...","og_url":"https:\/\/www.macarons-recrutement.com\/en\/lemployeur-peut-il-faire-peser-la-responsabilite-de-lhygiene-et-de-la-securite-sur-ses-employes\/","og_site_name":"Macarons Recrutement","article_publisher":"https:\/\/www.facebook.com\/MacaronsRecrutement\/","article_published_time":"2016-12-20T12:09:15+00:00","article_modified_time":"2019-07-23T05:40:11+00:00","og_image":[{"width":980,"height":480,"url":"https:\/\/www.macarons-recrutement.com\/wp-content\/uploads\/2016\/12\/Hygi\u00e8ne-jan-17.jpeg","type":"image\/jpeg"}],"author":"ADMIN","twitter_card":"summary_large_image","twitter_misc":{"Written by":"ADMIN","Estimated reading time":"5 minutes"},"schema":{"@context":"https:\/\/schema.org","@graph":[{"@type":"Article","@id":"https:\/\/www.macarons-recrutement.com\/lemployeur-peut-il-faire-peser-la-responsabilite-de-lhygiene-et-de-la-securite-sur-ses-employes\/#article","isPartOf":{"@id":"https:\/\/www.macarons-recrutement.com\/lemployeur-peut-il-faire-peser-la-responsabilite-de-lhygiene-et-de-la-securite-sur-ses-employes\/"},"author":{"name":"ADMIN","@id":"https:\/\/www.macarons-recrutement.com\/#\/schema\/person\/6cd18bab96b27c5b0f72e620ea724e77"},"headline":"L&#8217;employeur peut-il faire peser la responsabilit\u00e9 de l&#8217;hygi\u00e8ne et de la s\u00e9curit\u00e9 sur ses employ\u00e9s\u00a0?","datePublished":"2016-12-20T12:09:15+00:00","dateModified":"2019-07-23T05:40:11+00:00","mainEntityOfPage":{"@id":"https:\/\/www.macarons-recrutement.com\/lemployeur-peut-il-faire-peser-la-responsabilite-de-lhygiene-et-de-la-securite-sur-ses-employes\/"},"wordCount":988,"commentCount":0,"publisher":{"@id":"https:\/\/www.macarons-recrutement.com\/#organization"},"image":{"@id":"https:\/\/www.macarons-recrutement.com\/lemployeur-peut-il-faire-peser-la-responsabilite-de-lhygiene-et-de-la-securite-sur-ses-employes\/#primaryimage"},"thumbnailUrl":"https:\/\/www.macarons-recrutement.com\/wp-content\/uploads\/2016\/12\/Hygi\u00e8ne-jan-17.jpeg","articleSection":["News"],"inLanguage":"en-GB"},{"@type":"WebPage","@id":"https:\/\/www.macarons-recrutement.com\/lemployeur-peut-il-faire-peser-la-responsabilite-de-lhygiene-et-de-la-securite-sur-ses-employes\/","url":"https:\/\/www.macarons-recrutement.com\/lemployeur-peut-il-faire-peser-la-responsabilite-de-lhygiene-et-de-la-securite-sur-ses-employes\/","name":"L'employeur peut-il faire peser la responsabilit\u00e9 de l'hygi\u00e8ne et de la s\u00e9curit\u00e9 sur ses employ\u00e9s\u00a0?","isPartOf":{"@id":"https:\/\/www.macarons-recrutement.com\/#website"},"primaryImageOfPage":{"@id":"https:\/\/www.macarons-recrutement.com\/lemployeur-peut-il-faire-peser-la-responsabilite-de-lhygiene-et-de-la-securite-sur-ses-employes\/#primaryimage"},"image":{"@id":"https:\/\/www.macarons-recrutement.com\/lemployeur-peut-il-faire-peser-la-responsabilite-de-lhygiene-et-de-la-securite-sur-ses-employes\/#primaryimage"},"thumbnailUrl":"https:\/\/www.macarons-recrutement.com\/wp-content\/uploads\/2016\/12\/Hygi\u00e8ne-jan-17.jpeg","datePublished":"2016-12-20T12:09:15+00:00","dateModified":"2019-07-23T05:40:11+00:00","breadcrumb":{"@id":"https:\/\/www.macarons-recrutement.com\/lemployeur-peut-il-faire-peser-la-responsabilite-de-lhygiene-et-de-la-securite-sur-ses-employes\/#breadcrumb"},"inLanguage":"en-GB","potentialAction":[{"@type":"ReadAction","target":["https:\/\/www.macarons-recrutement.com\/lemployeur-peut-il-faire-peser-la-responsabilite-de-lhygiene-et-de-la-securite-sur-ses-employes\/"]}]},{"@type":"ImageObject","inLanguage":"en-GB","@id":"https:\/\/www.macarons-recrutement.com\/lemployeur-peut-il-faire-peser-la-responsabilite-de-lhygiene-et-de-la-securite-sur-ses-employes\/#primaryimage","url":"https:\/\/www.macarons-recrutement.com\/wp-content\/uploads\/2016\/12\/Hygi\u00e8ne-jan-17.jpeg","contentUrl":"https:\/\/www.macarons-recrutement.com\/wp-content\/uploads\/2016\/12\/Hygi\u00e8ne-jan-17.jpeg","width":980,"height":480},{"@type":"BreadcrumbList","@id":"https:\/\/www.macarons-recrutement.com\/lemployeur-peut-il-faire-peser-la-responsabilite-de-lhygiene-et-de-la-securite-sur-ses-employes\/#breadcrumb","itemListElement":[{"@type":"ListItem","position":1,"name":"Accueil","item":"https:\/\/www.macarons-recrutement.com\/"},{"@type":"ListItem","position":2,"name":"L&#8217;employeur peut-il faire peser la responsabilit\u00e9 de l&#8217;hygi\u00e8ne et de la s\u00e9curit\u00e9 sur ses employ\u00e9s\u00a0?"}]},{"@type":"WebSite","@id":"https:\/\/www.macarons-recrutement.com\/#website","url":"https:\/\/www.macarons-recrutement.com\/","name":"Macarons Recrutement H\u00f4tels & Restaurants","description":"For hoteliers by hoteliers","publisher":{"@id":"https:\/\/www.macarons-recrutement.com\/#organization"},"alternateName":"Macarons Recrutement H\u00f4tels & Restaurants","potentialAction":[{"@type":"SearchAction","target":{"@type":"EntryPoint","urlTemplate":"https:\/\/www.macarons-recrutement.com\/?s={search_term_string}"},"query-input":{"@type":"PropertyValueSpecification","valueRequired":true,"valueName":"search_term_string"}}],"inLanguage":"en-GB"},{"@type":"Organization","@id":"https:\/\/www.macarons-recrutement.com\/#organization","name":"Macarons Recrutement H\u00f4tels & Restaurants","alternateName":"Macarons Recrutement H\u00f4tels & Restaurants","url":"https:\/\/www.macarons-recrutement.com\/","logo":{"@type":"ImageObject","inLanguage":"en-GB","@id":"https:\/\/www.macarons-recrutement.com\/#\/schema\/logo\/image\/","url":"https:\/\/www.macarons-recrutement.com\/wp-content\/uploads\/2019\/06\/logo-MACARON-recruitment-hospitality-industry.jpg","contentUrl":"https:\/\/www.macarons-recrutement.com\/wp-content\/uploads\/2019\/06\/logo-MACARON-recruitment-hospitality-industry.jpg","width":700,"height":329,"caption":"Macarons Recrutement H\u00f4tels & Restaurants"},"image":{"@id":"https:\/\/www.macarons-recrutement.com\/#\/schema\/logo\/image\/"},"sameAs":["https:\/\/www.facebook.com\/MacaronsRecrutement\/","https:\/\/www.instagram.com\/macaronsrecrutement\/?hl=fr","https:\/\/www.linkedin.com\/company\/macarons-hotels-restaurants-global-experts\/"]},{"@type":"Person","@id":"https:\/\/www.macarons-recrutement.com\/#\/schema\/person\/6cd18bab96b27c5b0f72e620ea724e77","name":"ADMIN","image":{"@type":"ImageObject","inLanguage":"en-GB","@id":"https:\/\/www.macarons-recrutement.com\/#\/schema\/person\/image\/","url":"https:\/\/secure.gravatar.com\/avatar\/5e655ad02f6a0ac842fbc8cb3eb00276?s=96&d=mm&r=g","contentUrl":"https:\/\/secure.gravatar.com\/avatar\/5e655ad02f6a0ac842fbc8cb3eb00276?s=96&d=mm&r=g","caption":"ADMIN"},"url":"https:\/\/www.macarons-recrutement.com\/en\/author\/flexadmin\/"}]}},"_links":{"self":[{"href":"https:\/\/www.macarons-recrutement.com\/en\/wp-json\/wp\/v2\/posts\/5558"}],"collection":[{"href":"https:\/\/www.macarons-recrutement.com\/en\/wp-json\/wp\/v2\/posts"}],"about":[{"href":"https:\/\/www.macarons-recrutement.com\/en\/wp-json\/wp\/v2\/types\/post"}],"author":[{"embeddable":true,"href":"https:\/\/www.macarons-recrutement.com\/en\/wp-json\/wp\/v2\/users\/5"}],"replies":[{"embeddable":true,"href":"https:\/\/www.macarons-recrutement.com\/en\/wp-json\/wp\/v2\/comments?post=5558"}],"version-history":[{"count":0,"href":"https:\/\/www.macarons-recrutement.com\/en\/wp-json\/wp\/v2\/posts\/5558\/revisions"}],"wp:featuredmedia":[{"embeddable":true,"href":"https:\/\/www.macarons-recrutement.com\/en\/wp-json\/wp\/v2\/media\/32075"}],"wp:attachment":[{"href":"https:\/\/www.macarons-recrutement.com\/en\/wp-json\/wp\/v2\/media?parent=5558"}],"wp:term":[{"taxonomy":"category","embeddable":true,"href":"https:\/\/www.macarons-recrutement.com\/en\/wp-json\/wp\/v2\/categories?post=5558"},{"taxonomy":"post_tag","embeddable":true,"href":"https:\/\/www.macarons-recrutement.com\/en\/wp-json\/wp\/v2\/tags?post=5558"}],"curies":[{"name":"wp","href":"https:\/\/api.w.org\/{rel}","templated":true}]}}