{"id":53315,"date":"2026-05-01T08:29:34","date_gmt":"2026-05-01T08:29:34","guid":{"rendered":"https:\/\/www.macarons-recrutement.com\/?p=53315"},"modified":"2026-05-01T08:33:13","modified_gmt":"2026-05-01T08:33:13","slug":"chef-de-cuisine-restaurant-bistronomique-de-tradition-en-isere","status":"publish","type":"post","link":"https:\/\/www.macarons-recrutement.com\/en\/chef-de-cuisine-restaurant-bistronomique-de-tradition-en-isere\/","title":{"rendered":"Chef de Cuisine Restaurant Bistronomique de Tradition en Is\u00e8re"},"content":{"rendered":"<div class=\"intuitioncompanydescription\">\n<h3>Entreprise<\/h3>\n<div class=\"intuitiondescription\">\n<p data-end=\"397\" data-start=\"14\">Situ\u00e9 au c\u0153ur d\u2019une r\u00e9gion touristique pris\u00e9e entre lac et montagnes en Is\u00e8re, cet \u00e9tablissement familial reconnu s\u2019appuie sur une histoire solide et une client\u00e8le fid\u00e8le, locale comme de passage. L\u2019environnement de travail y est structur\u00e9, avec une culture profond\u00e9ment humaine et un management accessible, favorisant l\u2019implication des \u00e9quipes et la transmission des savoir-faire.<\/p>\n<p data-end=\"801\" data-start=\"399\">La cuisine propos\u00e9e s\u2019inscrit dans une tradition fran\u00e7aise g\u00e9n\u00e9reuse, inspir\u00e9e du bistrot, mettant \u00e0 l\u2019honneur les produits locaux et de saison dans une approche sinc\u00e8re et qualitative. L\u2019activit\u00e9 soutenue, notamment en p\u00e9riode estivale, offre un cadre stimulant pour un professionnel souhaitant s\u2019inscrire dans une dynamique de volume ma\u00eetris\u00e9 et de r\u00e9gularit\u00e9.<\/p>\n<p>Nous recrutons :<\/p>\n<\/div><\/div>\n<div class=\"intuitionpositiondescription\">\n<h3>Poste<\/h3>\n<div class=\"intuitiondescription\">\n<p style=\"text-align: center\"><strong>Un Chef de Cuisine (H\/F) en CDD<\/strong><\/p>\n<p data-end=\"1167\" data-start=\"813\">Vous prenez la responsabilit\u00e9 de l\u2019ensemble de la production culinaire avec une v\u00e9ritable autonomie dans l\u2019organisation et la structuration de la cuisine. Vous incarnez l\u2019identit\u00e9 de la maison en proposant une cuisine lisible, g\u00e9n\u00e9reuse et constante, en phase avec les attentes d\u2019une client\u00e8le fid\u00e8le et exigeante.<\/p>\n<p data-end=\"1477\" data-start=\"1169\">Vous \u00e9laborez les menus et suggestions en valorisant les produits frais et de saison, tout en garantissant la r\u00e9gularit\u00e9, la qualit\u00e9 et la pr\u00e9sentation des plats. Vous adaptez la production aux variations d\u2019activit\u00e9, avec des volumes significatifs sur la haute saison.<\/p>\n<p data-end=\"1706\" data-start=\"1479\">Vous organisez le travail de la brigade, g\u00e9rez les plannings, les commandes et les stocks, avec une attention particuli\u00e8re port\u00e9e \u00e0 la ma\u00eetrise des co\u00fbts et \u00e0 la limitation du gaspillage.<\/p>\n<p data-end=\"1942\" data-start=\"1708\">Vous encadrez une \u00e9quipe d\u2019une dizaine de personnes renforc\u00e9e en haute saison, en veillant \u00e0 instaurer un climat de travail positif, structur\u00e9 et respectueux des normes d\u2019hygi\u00e8ne et de s\u00e9curit\u00e9.<\/p>\n<p data-end=\"2123\" data-start=\"1944\">Ce poste implique une pr\u00e9sence op\u00e9rationnelle forte, une capacit\u00e9 \u00e0 absorber des volumes importants et \u00e0 maintenir un niveau de qualit\u00e9 constant dans un environnement dynamique.<\/p>\n<\/div><\/div>\n<div class=\"intuitionprofiledescription\">\n<h3>Profil<\/h3>\n<div class=\"intuitiondescription\">\n<p data-end=\"2372\" data-start=\"2149\">Vous justifiez d\u2019une exp\u00e9rience confirm\u00e9e en tant que chef de cuisine ou second dans des environnements \u00e0 volume, avec une r\u00e9elle ma\u00eetrise de l\u2019organisation et du management d\u2019\u00e9quipe.<\/p>\n<p data-end=\"2622\" data-start=\"2374\">Vous avez une sensibilit\u00e9 affirm\u00e9e pour une cuisine de terroir, sinc\u00e8re et ancr\u00e9e dans les saisons. Vous \u00eates \u00e0 l\u2019aise dans des contextes de forte activit\u00e9 et savez structurer votre production en cons\u00e9quence.<\/p>\n<p data-end=\"2824\" data-start=\"2624\">Votre intelligence relationnelle, votre capacit\u00e9 d\u2019\u00e9coute et votre diplomatie vous permettent de f\u00e9d\u00e9rer une \u00e9quipe existante sans imposer, tout en apportant des id\u00e9es et une dynamique constructive.<\/p>\n<p data-end=\"2967\" data-start=\"2826\">Vous faites preuve de rigueur dans la gestion des co\u00fbts et disposez d\u2019une bonne ma\u00eetrise des indicateurs \u00e9conomiques li\u00e9s \u00e0 votre activit\u00e9.<\/p>\n<p data-end=\"2983\" data-start=\"2969\"><strong>Conditions :<\/strong><\/p>\n<ul>\n<li data-end=\"3433\" data-start=\"2985\">Poste \u00e0 pourvoir d\u00e8s que possible jusqu\u2019\u00e0 fin septembre 2026.<\/li>\n<li data-end=\"3433\" data-start=\"2985\">R\u00e9mun\u00e9ration propos\u00e9e : 2500\u20ac net \u00e0 3000\u20ac net n\u00e9gociable selon profil et exp\u00e9rience.<\/li>\n<li data-end=\"3433\" data-start=\"2985\">Poste en CDD saisonnier.<\/li>\n<li data-end=\"3433\" data-start=\"2985\">Logement possible en chambre individuelle sur place.<\/li>\n<\/ul>\n<p data-end=\"3602\" data-start=\"3435\">Ce poste s\u2019adresse \u00e0 des professionnels engag\u00e9s, structur\u00e9s et capables de s\u2019inscrire dans une maison familiale o\u00f9 la qualit\u00e9 des relations humaines est essentielle.<\/p>\n<p data-end=\"3723\" data-start=\"3604\">Toutes les candidatures sont trait\u00e9es avec une totale confidentialit\u00e9. Les r\u00e9f\u00e9rences seront soigneusement v\u00e9rifi\u00e9es.<\/p>\n<p data-end=\"3810\" data-start=\"3725\">Merci d\u2019adresser un dossier complet (CV, lettre de motivation, photo et r\u00e9f\u00e9rences) :<\/p>\n<p style=\"text-align: center\"><strong>Macarons Recrutement H\u00f4tels &#038; Restaurants<\/strong><br \/>Alexandre de Roany (r\u00e9f AR2639)<br \/>27 place de la Madeleine<br \/>75008 Paris &#8211; France<\/p>\n<p style=\"text-align: center\"><strong><a href=\"mailto:contact@macarons-recrutement.com\" rel=\"noopener\" target=\"_blank\">contact@macarons-recrutement.com<\/a><\/strong><\/p>\n<p style=\"text-align: center\"><strong><a href=\"https:\/\/macarons-recrutement.com\/\" rel=\"noopener\" target=\"_blank\">www.macarons-recrutement.com<\/a><\/strong><\/p>\n<\/div><\/div>\n<p class=\"intuitionapply\">\n    <a href=\"https:\/\/jobaffinity.fr\/apply\/id2ty26cprk7ddzc5i?src=Site%20Macarons%20Recrutement\" target=\"_blank\" rel=\"noopener\">Candidater<\/a>\n  <\/p>\n","protected":false},"excerpt":{"rendered":"<p>Entreprise Situ\u00e9 au c\u0153ur d\u2019une r\u00e9gion touristique pris\u00e9e entre lac&#8230;<\/p>\n","protected":false},"author":2,"featured_media":52870,"comment_status":"closed","ping_status":"closed","sticky":false,"template":"","format":"standard","meta":{"_exactmetrics_skip_tracking":false,"_exactmetrics_sitenote_active":false,"_exactmetrics_sitenote_note":"","_exactmetrics_sitenote_category":0,"footnotes":""},"categories":[239,148,95,1],"tags":[1688,257,1687,1685,1126,1686],"class_list":{"0":"post-53315","1":"post","2":"type-post","3":"status-publish","4":"format-standard","5":"has-post-thumbnail","7":"category-job-offers","8":"category-non-classe-en","9":"category-offres-demploi","10":"category-uncategorized","11":"tag-cdd-saisonnier-cuisine","12":"tag-chef-de-cuisine","13":"tag-cuisine-bistrot","14":"tag-isere","15":"tag-macarons-recrutement-hotellerie-et-restauration","16":"tag-restaurant-traditionnel"},"yoast_head":"<!-- This site is optimized with the Yoast SEO plugin v24.9 - https:\/\/yoast.com\/wordpress\/plugins\/seo\/ -->\n<title>Chef de Cuisine Restaurant Bistronomique de Tradition en Is\u00e8re<\/title>\n<meta name=\"description\" content=\"Chef de cuisine en Is\u00e8re, cuisine traditionnelle, logement inclus, poste saisonnier \u00e0 pourvoir imm\u00e9diatement\" \/>\n<meta name=\"robots\" content=\"index, follow, max-snippet:-1, max-image-preview:large, max-video-preview:-1\" \/>\n<link rel=\"canonical\" href=\"https:\/\/www.macarons-recrutement.com\/en\/chef-de-cuisine-restaurant-bistronomique-de-tradition-en-isere\/\" \/>\n<meta property=\"og:locale\" content=\"en_GB\" \/>\n<meta property=\"og:locale:alternate\" content=\"fr_FR\" \/>\n<meta property=\"og:type\" content=\"article\" \/>\n<meta property=\"og:title\" content=\"Chef de Cuisine Restaurant Bistronomique de Tradition en Is\u00e8re\" \/>\n<meta property=\"og:description\" content=\"Chef de cuisine en Is\u00e8re, cuisine traditionnelle, logement inclus, poste saisonnier \u00e0 pourvoir imm\u00e9diatement\" \/>\n<meta property=\"og:url\" content=\"https:\/\/www.macarons-recrutement.com\/en\/chef-de-cuisine-restaurant-bistronomique-de-tradition-en-isere\/\" \/>\n<meta property=\"og:site_name\" content=\"Macarons Recrutement\" \/>\n<meta property=\"article:publisher\" content=\"https:\/\/www.facebook.com\/MacaronsRecrutement\/\" \/>\n<meta property=\"article:published_time\" content=\"2026-05-01T08:29:34+00:00\" \/>\n<meta property=\"article:modified_time\" content=\"2026-05-01T08:33:13+00:00\" \/>\n<meta property=\"og:image\" content=\"https:\/\/www.macarons-recrutement.com\/wp-content\/uploads\/2026\/02\/Chef-de-cuisine-traditionnelle.png\" \/>\n\t<meta property=\"og:image:width\" content=\"350\" \/>\n\t<meta property=\"og:image:height\" content=\"233\" \/>\n\t<meta property=\"og:image:type\" content=\"image\/png\" \/>\n<meta name=\"author\" content=\"intuition\" \/>\n<meta name=\"twitter:card\" content=\"summary_large_image\" \/>\n<meta name=\"twitter:label1\" content=\"Written by\" \/>\n\t<meta name=\"twitter:data1\" content=\"intuition\" \/>\n\t<meta name=\"twitter:label2\" content=\"Estimated reading time\" \/>\n\t<meta name=\"twitter:data2\" content=\"3 minutes\" \/>\n<script type=\"application\/ld+json\" class=\"yoast-schema-graph\">{\"@context\":\"https:\/\/schema.org\",\"@graph\":[{\"@type\":\"Article\",\"@id\":\"https:\/\/www.macarons-recrutement.com\/chef-de-cuisine-restaurant-bistronomique-de-tradition-en-isere\/#article\",\"isPartOf\":{\"@id\":\"https:\/\/www.macarons-recrutement.com\/chef-de-cuisine-restaurant-bistronomique-de-tradition-en-isere\/\"},\"author\":{\"name\":\"intuition\",\"@id\":\"https:\/\/www.macarons-recrutement.com\/#\/schema\/person\/b5629991d49f20fdb4f94701bbabf8df\"},\"headline\":\"Chef de Cuisine Restaurant Bistronomique de Tradition en Is\u00e8re\",\"datePublished\":\"2026-05-01T08:29:34+00:00\",\"dateModified\":\"2026-05-01T08:33:13+00:00\",\"mainEntityOfPage\":{\"@id\":\"https:\/\/www.macarons-recrutement.com\/chef-de-cuisine-restaurant-bistronomique-de-tradition-en-isere\/\"},\"wordCount\":594,\"publisher\":{\"@id\":\"https:\/\/www.macarons-recrutement.com\/#organization\"},\"image\":{\"@id\":\"https:\/\/www.macarons-recrutement.com\/chef-de-cuisine-restaurant-bistronomique-de-tradition-en-isere\/#primaryimage\"},\"thumbnailUrl\":\"https:\/\/www.macarons-recrutement.com\/wp-content\/uploads\/2026\/02\/Chef-de-cuisine-traditionnelle.png\",\"keywords\":[\"CDD saisonnier cuisine\",\"chef de cuisine\",\"cuisine bistrot\",\"is\u00e8re\",\"Macarons Recrutement H\u00f4tellerie et Restauration\",\"restaurant traditionnel\"],\"articleSection\":[\"Job offers\",\"Non class\u00e9\",\"Offres d\u2019emploi\",\"Uncategorized\"],\"inLanguage\":\"en-GB\"},{\"@type\":\"WebPage\",\"@id\":\"https:\/\/www.macarons-recrutement.com\/chef-de-cuisine-restaurant-bistronomique-de-tradition-en-isere\/\",\"url\":\"https:\/\/www.macarons-recrutement.com\/chef-de-cuisine-restaurant-bistronomique-de-tradition-en-isere\/\",\"name\":\"Chef de Cuisine Restaurant Bistronomique de Tradition en Is\u00e8re\",\"isPartOf\":{\"@id\":\"https:\/\/www.macarons-recrutement.com\/#website\"},\"primaryImageOfPage\":{\"@id\":\"https:\/\/www.macarons-recrutement.com\/chef-de-cuisine-restaurant-bistronomique-de-tradition-en-isere\/#primaryimage\"},\"image\":{\"@id\":\"https:\/\/www.macarons-recrutement.com\/chef-de-cuisine-restaurant-bistronomique-de-tradition-en-isere\/#primaryimage\"},\"thumbnailUrl\":\"https:\/\/www.macarons-recrutement.com\/wp-content\/uploads\/2026\/02\/Chef-de-cuisine-traditionnelle.png\",\"datePublished\":\"2026-05-01T08:29:34+00:00\",\"dateModified\":\"2026-05-01T08:33:13+00:00\",\"description\":\"Chef de cuisine en Is\u00e8re, cuisine traditionnelle, logement inclus, poste saisonnier \u00e0 pourvoir imm\u00e9diatement\",\"breadcrumb\":{\"@id\":\"https:\/\/www.macarons-recrutement.com\/chef-de-cuisine-restaurant-bistronomique-de-tradition-en-isere\/#breadcrumb\"},\"inLanguage\":\"en-GB\",\"potentialAction\":[{\"@type\":\"ReadAction\",\"target\":[\"https:\/\/www.macarons-recrutement.com\/chef-de-cuisine-restaurant-bistronomique-de-tradition-en-isere\/\"]}]},{\"@type\":\"ImageObject\",\"inLanguage\":\"en-GB\",\"@id\":\"https:\/\/www.macarons-recrutement.com\/chef-de-cuisine-restaurant-bistronomique-de-tradition-en-isere\/#primaryimage\",\"url\":\"https:\/\/www.macarons-recrutement.com\/wp-content\/uploads\/2026\/02\/Chef-de-cuisine-traditionnelle.png\",\"contentUrl\":\"https:\/\/www.macarons-recrutement.com\/wp-content\/uploads\/2026\/02\/Chef-de-cuisine-traditionnelle.png\",\"width\":350,\"height\":233},{\"@type\":\"BreadcrumbList\",\"@id\":\"https:\/\/www.macarons-recrutement.com\/chef-de-cuisine-restaurant-bistronomique-de-tradition-en-isere\/#breadcrumb\",\"itemListElement\":[{\"@type\":\"ListItem\",\"position\":1,\"name\":\"Accueil\",\"item\":\"https:\/\/www.macarons-recrutement.com\/\"},{\"@type\":\"ListItem\",\"position\":2,\"name\":\"Chef de Cuisine Restaurant Bistronomique de Tradition en Is\u00e8re\"}]},{\"@type\":\"WebSite\",\"@id\":\"https:\/\/www.macarons-recrutement.com\/#website\",\"url\":\"https:\/\/www.macarons-recrutement.com\/\",\"name\":\"Macarons Recrutement H\u00f4tels & Restaurants\",\"description\":\"For hoteliers by hoteliers\",\"publisher\":{\"@id\":\"https:\/\/www.macarons-recrutement.com\/#organization\"},\"alternateName\":\"Macarons Recrutement H\u00f4tels & Restaurants\",\"potentialAction\":[{\"@type\":\"SearchAction\",\"target\":{\"@type\":\"EntryPoint\",\"urlTemplate\":\"https:\/\/www.macarons-recrutement.com\/?s={search_term_string}\"},\"query-input\":{\"@type\":\"PropertyValueSpecification\",\"valueRequired\":true,\"valueName\":\"search_term_string\"}}],\"inLanguage\":\"en-GB\"},{\"@type\":\"Organization\",\"@id\":\"https:\/\/www.macarons-recrutement.com\/#organization\",\"name\":\"Macarons Recrutement H\u00f4tels & Restaurants\",\"alternateName\":\"Macarons Recrutement H\u00f4tels & Restaurants\",\"url\":\"https:\/\/www.macarons-recrutement.com\/\",\"logo\":{\"@type\":\"ImageObject\",\"inLanguage\":\"en-GB\",\"@id\":\"https:\/\/www.macarons-recrutement.com\/#\/schema\/logo\/image\/\",\"url\":\"https:\/\/www.macarons-recrutement.com\/wp-content\/uploads\/2019\/06\/logo-MACARON-recruitment-hospitality-industry.jpg\",\"contentUrl\":\"https:\/\/www.macarons-recrutement.com\/wp-content\/uploads\/2019\/06\/logo-MACARON-recruitment-hospitality-industry.jpg\",\"width\":700,\"height\":329,\"caption\":\"Macarons Recrutement H\u00f4tels & Restaurants\"},\"image\":{\"@id\":\"https:\/\/www.macarons-recrutement.com\/#\/schema\/logo\/image\/\"},\"sameAs\":[\"https:\/\/www.facebook.com\/MacaronsRecrutement\/\",\"https:\/\/www.instagram.com\/macaronsrecrutement\/?hl=fr\",\"https:\/\/www.linkedin.com\/company\/macarons-hotels-restaurants-global-experts\/\"]},{\"@type\":\"Person\",\"@id\":\"https:\/\/www.macarons-recrutement.com\/#\/schema\/person\/b5629991d49f20fdb4f94701bbabf8df\",\"name\":\"intuition\",\"image\":{\"@type\":\"ImageObject\",\"inLanguage\":\"en-GB\",\"@id\":\"https:\/\/www.macarons-recrutement.com\/#\/schema\/person\/image\/\",\"url\":\"https:\/\/secure.gravatar.com\/avatar\/29311961e2de4294550c89dc974172dc?s=96&d=mm&r=g\",\"contentUrl\":\"https:\/\/secure.gravatar.com\/avatar\/29311961e2de4294550c89dc974172dc?s=96&d=mm&r=g\",\"caption\":\"intuition\"},\"url\":\"https:\/\/www.macarons-recrutement.com\/en\/author\/intuition\/\"}]}<\/script>\n<!-- \/ Yoast SEO plugin. -->","yoast_head_json":{"title":"Chef de Cuisine Restaurant Bistronomique de Tradition en Is\u00e8re","description":"Chef de cuisine en Is\u00e8re, cuisine traditionnelle, logement inclus, poste saisonnier \u00e0 pourvoir imm\u00e9diatement","robots":{"index":"index","follow":"follow","max-snippet":"max-snippet:-1","max-image-preview":"max-image-preview:large","max-video-preview":"max-video-preview:-1"},"canonical":"https:\/\/www.macarons-recrutement.com\/en\/chef-de-cuisine-restaurant-bistronomique-de-tradition-en-isere\/","og_locale":"en_GB","og_type":"article","og_title":"[:fr]Chef de Cuisine Restaurant Bistronomique de Tradition en Is\u00e8re[:] - Macarons Recrutement","og_description":"[:fr]Chef de cuisine en Is\u00e8re, cuisine traditionnelle, logement inclus, poste saisonnier \u00e0 pourvoir imm\u00e9diatement[:]","og_url":"https:\/\/www.macarons-recrutement.com\/en\/chef-de-cuisine-restaurant-bistronomique-de-tradition-en-isere\/","og_site_name":"Macarons Recrutement","article_publisher":"https:\/\/www.facebook.com\/MacaronsRecrutement\/","article_published_time":"2026-05-01T08:29:34+00:00","article_modified_time":"2026-05-01T08:33:13+00:00","og_image":[{"width":350,"height":233,"url":"https:\/\/www.macarons-recrutement.com\/wp-content\/uploads\/2026\/02\/Chef-de-cuisine-traditionnelle.png","type":"image\/png"}],"author":"intuition","twitter_card":"summary_large_image","twitter_misc":{"Written by":"intuition","Estimated reading time":"3 minutes"},"schema":{"@context":"https:\/\/schema.org","@graph":[{"@type":"Article","@id":"https:\/\/www.macarons-recrutement.com\/chef-de-cuisine-restaurant-bistronomique-de-tradition-en-isere\/#article","isPartOf":{"@id":"https:\/\/www.macarons-recrutement.com\/chef-de-cuisine-restaurant-bistronomique-de-tradition-en-isere\/"},"author":{"name":"intuition","@id":"https:\/\/www.macarons-recrutement.com\/#\/schema\/person\/b5629991d49f20fdb4f94701bbabf8df"},"headline":"Chef de Cuisine Restaurant Bistronomique de Tradition en Is\u00e8re","datePublished":"2026-05-01T08:29:34+00:00","dateModified":"2026-05-01T08:33:13+00:00","mainEntityOfPage":{"@id":"https:\/\/www.macarons-recrutement.com\/chef-de-cuisine-restaurant-bistronomique-de-tradition-en-isere\/"},"wordCount":594,"publisher":{"@id":"https:\/\/www.macarons-recrutement.com\/#organization"},"image":{"@id":"https:\/\/www.macarons-recrutement.com\/chef-de-cuisine-restaurant-bistronomique-de-tradition-en-isere\/#primaryimage"},"thumbnailUrl":"https:\/\/www.macarons-recrutement.com\/wp-content\/uploads\/2026\/02\/Chef-de-cuisine-traditionnelle.png","keywords":["CDD saisonnier cuisine","chef de cuisine","cuisine bistrot","is\u00e8re","Macarons Recrutement H\u00f4tellerie et Restauration","restaurant traditionnel"],"articleSection":["Job offers","Non class\u00e9","Offres d\u2019emploi","Uncategorized"],"inLanguage":"en-GB"},{"@type":"WebPage","@id":"https:\/\/www.macarons-recrutement.com\/chef-de-cuisine-restaurant-bistronomique-de-tradition-en-isere\/","url":"https:\/\/www.macarons-recrutement.com\/chef-de-cuisine-restaurant-bistronomique-de-tradition-en-isere\/","name":"Chef de Cuisine Restaurant Bistronomique de Tradition en Is\u00e8re","isPartOf":{"@id":"https:\/\/www.macarons-recrutement.com\/#website"},"primaryImageOfPage":{"@id":"https:\/\/www.macarons-recrutement.com\/chef-de-cuisine-restaurant-bistronomique-de-tradition-en-isere\/#primaryimage"},"image":{"@id":"https:\/\/www.macarons-recrutement.com\/chef-de-cuisine-restaurant-bistronomique-de-tradition-en-isere\/#primaryimage"},"thumbnailUrl":"https:\/\/www.macarons-recrutement.com\/wp-content\/uploads\/2026\/02\/Chef-de-cuisine-traditionnelle.png","datePublished":"2026-05-01T08:29:34+00:00","dateModified":"2026-05-01T08:33:13+00:00","description":"Chef de cuisine en Is\u00e8re, cuisine traditionnelle, logement inclus, poste saisonnier \u00e0 pourvoir imm\u00e9diatement","breadcrumb":{"@id":"https:\/\/www.macarons-recrutement.com\/chef-de-cuisine-restaurant-bistronomique-de-tradition-en-isere\/#breadcrumb"},"inLanguage":"en-GB","potentialAction":[{"@type":"ReadAction","target":["https:\/\/www.macarons-recrutement.com\/chef-de-cuisine-restaurant-bistronomique-de-tradition-en-isere\/"]}]},{"@type":"ImageObject","inLanguage":"en-GB","@id":"https:\/\/www.macarons-recrutement.com\/chef-de-cuisine-restaurant-bistronomique-de-tradition-en-isere\/#primaryimage","url":"https:\/\/www.macarons-recrutement.com\/wp-content\/uploads\/2026\/02\/Chef-de-cuisine-traditionnelle.png","contentUrl":"https:\/\/www.macarons-recrutement.com\/wp-content\/uploads\/2026\/02\/Chef-de-cuisine-traditionnelle.png","width":350,"height":233},{"@type":"BreadcrumbList","@id":"https:\/\/www.macarons-recrutement.com\/chef-de-cuisine-restaurant-bistronomique-de-tradition-en-isere\/#breadcrumb","itemListElement":[{"@type":"ListItem","position":1,"name":"Accueil","item":"https:\/\/www.macarons-recrutement.com\/"},{"@type":"ListItem","position":2,"name":"Chef de Cuisine Restaurant Bistronomique de Tradition en Is\u00e8re"}]},{"@type":"WebSite","@id":"https:\/\/www.macarons-recrutement.com\/#website","url":"https:\/\/www.macarons-recrutement.com\/","name":"Macarons Recrutement H\u00f4tels & Restaurants","description":"For hoteliers by hoteliers","publisher":{"@id":"https:\/\/www.macarons-recrutement.com\/#organization"},"alternateName":"Macarons Recrutement H\u00f4tels & Restaurants","potentialAction":[{"@type":"SearchAction","target":{"@type":"EntryPoint","urlTemplate":"https:\/\/www.macarons-recrutement.com\/?s={search_term_string}"},"query-input":{"@type":"PropertyValueSpecification","valueRequired":true,"valueName":"search_term_string"}}],"inLanguage":"en-GB"},{"@type":"Organization","@id":"https:\/\/www.macarons-recrutement.com\/#organization","name":"Macarons Recrutement H\u00f4tels & Restaurants","alternateName":"Macarons Recrutement H\u00f4tels & Restaurants","url":"https:\/\/www.macarons-recrutement.com\/","logo":{"@type":"ImageObject","inLanguage":"en-GB","@id":"https:\/\/www.macarons-recrutement.com\/#\/schema\/logo\/image\/","url":"https:\/\/www.macarons-recrutement.com\/wp-content\/uploads\/2019\/06\/logo-MACARON-recruitment-hospitality-industry.jpg","contentUrl":"https:\/\/www.macarons-recrutement.com\/wp-content\/uploads\/2019\/06\/logo-MACARON-recruitment-hospitality-industry.jpg","width":700,"height":329,"caption":"Macarons Recrutement H\u00f4tels & Restaurants"},"image":{"@id":"https:\/\/www.macarons-recrutement.com\/#\/schema\/logo\/image\/"},"sameAs":["https:\/\/www.facebook.com\/MacaronsRecrutement\/","https:\/\/www.instagram.com\/macaronsrecrutement\/?hl=fr","https:\/\/www.linkedin.com\/company\/macarons-hotels-restaurants-global-experts\/"]},{"@type":"Person","@id":"https:\/\/www.macarons-recrutement.com\/#\/schema\/person\/b5629991d49f20fdb4f94701bbabf8df","name":"intuition","image":{"@type":"ImageObject","inLanguage":"en-GB","@id":"https:\/\/www.macarons-recrutement.com\/#\/schema\/person\/image\/","url":"https:\/\/secure.gravatar.com\/avatar\/29311961e2de4294550c89dc974172dc?s=96&d=mm&r=g","contentUrl":"https:\/\/secure.gravatar.com\/avatar\/29311961e2de4294550c89dc974172dc?s=96&d=mm&r=g","caption":"intuition"},"url":"https:\/\/www.macarons-recrutement.com\/en\/author\/intuition\/"}]}},"_links":{"self":[{"href":"https:\/\/www.macarons-recrutement.com\/en\/wp-json\/wp\/v2\/posts\/53315"}],"collection":[{"href":"https:\/\/www.macarons-recrutement.com\/en\/wp-json\/wp\/v2\/posts"}],"about":[{"href":"https:\/\/www.macarons-recrutement.com\/en\/wp-json\/wp\/v2\/types\/post"}],"author":[{"embeddable":true,"href":"https:\/\/www.macarons-recrutement.com\/en\/wp-json\/wp\/v2\/users\/2"}],"replies":[{"embeddable":true,"href":"https:\/\/www.macarons-recrutement.com\/en\/wp-json\/wp\/v2\/comments?post=53315"}],"version-history":[{"count":2,"href":"https:\/\/www.macarons-recrutement.com\/en\/wp-json\/wp\/v2\/posts\/53315\/revisions"}],"predecessor-version":[{"id":53319,"href":"https:\/\/www.macarons-recrutement.com\/en\/wp-json\/wp\/v2\/posts\/53315\/revisions\/53319"}],"wp:featuredmedia":[{"embeddable":true,"href":"https:\/\/www.macarons-recrutement.com\/en\/wp-json\/wp\/v2\/media\/52870"}],"wp:attachment":[{"href":"https:\/\/www.macarons-recrutement.com\/en\/wp-json\/wp\/v2\/media?parent=53315"}],"wp:term":[{"taxonomy":"category","embeddable":true,"href":"https:\/\/www.macarons-recrutement.com\/en\/wp-json\/wp\/v2\/categories?post=53315"},{"taxonomy":"post_tag","embeddable":true,"href":"https:\/\/www.macarons-recrutement.com\/en\/wp-json\/wp\/v2\/tags?post=53315"}],"curies":[{"name":"wp","href":"https:\/\/api.w.org\/{rel}","templated":true}]}}