{"id":53296,"date":"2026-04-27T09:48:14","date_gmt":"2026-04-27T09:48:14","guid":{"rendered":"https:\/\/www.macarons-recrutement.com\/?p=53296"},"modified":"2026-04-27T09:53:37","modified_gmt":"2026-04-27T09:53:37","slug":"maitre-dhotel-responsable-de-salle-gastronomique-hotel-vexin","status":"publish","type":"post","link":"https:\/\/www.macarons-recrutement.com\/en\/maitre-dhotel-responsable-de-salle-gastronomique-hotel-vexin\/","title":{"rendered":"Ma\u00eetre d\u2019H\u00f4tel Responsable de Salle Gastronomique H\u00f4tel Vexin"},"content":{"rendered":"<div class=\"intuitioncompanydescription\">\n<h3>Entreprise<\/h3>\n<div class=\"intuitiondescription\">\n<p>Cet \u00e9tablissement gastronomique situ\u00e9 au c\u0153ur du Vexin propose une exp\u00e9rience ancr\u00e9e dans la nature, dans un environnement pr\u00e9serv\u00e9 \u00e0 proximit\u00e9 de l\u2019ouest parisien. Le projet repose sur une cuisine engag\u00e9e, en lien direct avec les saisons et les produits issus du terroir, avec une attention particuli\u00e8re port\u00e9e \u00e0 l\u2019origine et \u00e0 la qualit\u00e9 des mati\u00e8res premi\u00e8res.<\/p>\n<p><br data-end=\"380\" data-start=\"377\" \/>L\u2019\u00e9tablissement s\u2019inscrit dans une dynamique de d\u00e9veloppement, avec une volont\u00e9 affirm\u00e9e de structurer son offre de restauration autour d\u2019un service exigeant, pr\u00e9cis et sinc\u00e8re, en coh\u00e9rence avec l\u2019identit\u00e9 du lieu.<\/p>\n<p>Nous recrutons :<\/p>\n<\/div><\/div>\n<div class=\"intuitionpositiondescription\">\n<h3>Poste<\/h3>\n<div class=\"intuitiondescription\">\n<p style=\"text-align: center\"><strong>Un Ma\u00eetre d&#8217;H\u00f4tel Responsable de Salle (H\/F) en CDD (CDI possible)<\/strong><\/p>\n<p data-end=\"870\" data-start=\"606\">En tant que Ma\u00eetre d\u2019H\u00f4tel Responsable de Salle, vous prenez la responsabilit\u00e9 compl\u00e8te de l\u2019organisation et du bon d\u00e9roulement du service. Vous encadrez l\u2019\u00e9quipe de salle, assurez sa mont\u00e9e en comp\u00e9tence et veillez \u00e0 la qualit\u00e9 constante de l\u2019exp\u00e9rience client.<\/p>\n<p data-end=\"1109\" data-start=\"872\">Vous coordonnez les op\u00e9rations avec la cuisine afin de garantir fluidit\u00e9 et coh\u00e9rence dans le service. Vous g\u00e9rez les plannings, suivez les indicateurs de performance et participez activement \u00e0 l\u2019optimisation des r\u00e9sultats \u00e9conomiques.<\/p>\n<p data-end=\"1406\" data-start=\"1111\">Vous \u00eates \u00e9galement impliqu\u00e9 dans la gestion des approvisionnements pour la salle, le suivi des stocks et la relation avec les fournisseurs. Vous veillez au respect strict des normes d\u2019hygi\u00e8ne et de s\u00e9curit\u00e9 et contribuez au d\u00e9veloppement commercial ainsi qu\u2019\u00e0 la fid\u00e9lisation de la client\u00e8le.<\/p>\n<p data-end=\"1543\" data-start=\"1408\">Ce poste vous positionne comme un acteur cl\u00e9 du projet, avec une r\u00e9elle capacit\u00e9 \u00e0 structurer et faire \u00e9voluer l\u2019organisation en place.<\/p>\n<\/div><\/div>\n<div class=\"intuitionprofiledescription\">\n<h3>Profil<\/h3>\n<div class=\"intuitiondescription\">\n<section class=\"text-token-text-primary w-full focus:outline-none [--shadow-height:45px] has-data-writing-block:pointer-events-none has-data-writing-block:-mt-(--shadow-height) has-data-writing-block:pt-(--shadow-height) [&#038;:has([data-writing-block])>*]:pointer-events-auto [content-visibility:auto] supports-[content-visibility:auto]:[contain-intrinsic-size:auto_100lvh] R6Vx5W_threadScrollVars scroll-mb-[calc(var(&#8211;scroll-root-safe-area-inset-bottom,0px)+var(&#8211;thread-response-height))] scroll-mt-[calc(var(&#8211;header-height)+min(200px,max(70px,20svh)))]&#8221; data-scroll-anchor=&#8221;false&#8221; data-testid=&#8221;conversation-turn-2&#8243; data-turn=&#8221;assistant&#8221; data-turn-id=&#8221;request-WEB:3eaf1bbf-88e4-44fa-beaf-64ec3190dd48-7&#8243; dir=&#8221;auto&#8221;><\/p>\n<div class=\"text-base my-auto mx-auto pb-10 [--thread-content-margin:var(--thread-content-margin-xs,calc(var(--spacing)*4))] @w-sm\/main:[--thread-content-margin:var(--thread-content-margin-sm,calc(var(--spacing)*6))] @w-lg\/main:[--thread-content-margin:var(--thread-content-margin-lg,calc(var(--spacing)*16))] px-(--thread-content-margin)\">\n<div class=\"[--thread-content-max-width:40rem] @w-lg\/main:[--thread-content-max-width:48rem] mx-auto max-w-(--thread-content-max-width) flex-1 group\/turn-messages focus-visible:outline-hidden relative flex w-full min-w-0 flex-col agent-turn\">\n<div class=\"flex max-w-full flex-col gap-4 grow\">\n<div class=\"min-h-8 text-message relative flex w-full flex-col items-end gap-2 text-start break-words whitespace-normal outline-none keyboard-focused:focus-ring [.text-message+&#038;]:mt-1\" data-message-author-role=\"assistant\" data-message-id=\"121bd579-69f0-428f-9874-95626ac78fd8\" data-message-model-slug=\"gpt-5-3\" data-turn-start-message=\"true\" dir=\"auto\">\n<div class=\"flex w-full flex-col gap-1 empty:hidden\">\n<div class=\"markdown prose dark:prose-invert w-full wrap-break-word light markdown-new-styling\">\n<p data-end=\"1759\" data-start=\"1555\">Vous justifiez d\u2019une exp\u00e9rience confirm\u00e9e en management de salle, acquise id\u00e9alement en restauration gastronomique. Vous \u00eates \u00e0 l\u2019aise dans la gestion d\u2019\u00e9quipe et dans la conduite d\u2019un service exigeant.<\/p>\n<p data-end=\"2004\" data-start=\"1761\">Vous faites preuve de leadership, de rigueur et d\u2019un sens du d\u00e9tail indispensable dans un environnement haut de gamme. Votre sens du service, votre pr\u00e9sentation et votre posture professionnelle sont en ad\u00e9quation avec les standards attendus.<\/p>\n<p data-end=\"2242\" data-start=\"2006\">Vous avez une sensibilit\u00e9 affirm\u00e9e pour les produits de saison et les d\u00e9marches durables. Vous ma\u00eetrisez les outils de gestion et \u00eates \u00e0 l\u2019aise avec le suivi des indicateurs \u00e9conomiques. Un niveau d\u2019anglais professionnel est appr\u00e9ci\u00e9.<\/p>\n<p data-end=\"2258\" data-start=\"2244\"><strong>Conditions :<\/strong><\/p>\n<ul>\n<li data-end=\"2441\" data-start=\"2260\">Poste \u00e0 pourvoir d\u00e8s que possible.<\/li>\n<li data-end=\"2441\" data-start=\"2260\">R\u00e9mun\u00e9ration propos\u00e9e : 3350\u20ac brut \u00e9volutif.<\/li>\n<li data-end=\"2441\" data-start=\"2260\">Poste en CDD, CDI possible.<\/li>\n<li data-end=\"2441\" data-start=\"2260\">Possibilit\u00e9 de logement pendant la p\u00e9riode d&#8217;essai.<\/li>\n<\/ul>\n<p data-end=\"2581\" data-start=\"2443\">Ce poste s\u2019adresse \u00e0 des professionnels engag\u00e9s, d\u00e9sireux de s\u2019inscrire dans la dur\u00e9e au sein d\u2019un projet structur\u00e9 et en d\u00e9veloppement.<\/p>\n<p data-end=\"2702\" data-start=\"2583\">Toutes les candidatures sont trait\u00e9es avec une totale confidentialit\u00e9. Les r\u00e9f\u00e9rences seront soigneusement v\u00e9rifi\u00e9es.<\/p>\n<p data-end=\"2790\" data-is-last-node=\"\" data-is-only-node=\"\" data-start=\"2704\">Merci d\u2019adresser un dossier complet (CV, lettre de motivation, photo et r\u00e9f\u00e9rences) \u00e0 :<\/p>\n<p style=\"text-align: center\"><strong>Macarons Recrutement H\u00f4tels &#038; Restaurants<\/strong><br \/>Alexandre de Roany (r\u00e9f AR2638)<br \/>27 place de la Madeleine<br \/>75008 Paris &#8211; France<\/p>\n<p style=\"text-align: center\"><strong><a href=\"mailto:contact@macarons-recrutement.com\" rel=\"noopener\" target=\"_blank\">contact@macarons-recrutement.com<\/a><\/strong><\/p>\n<p style=\"text-align: center\"><strong><a href=\"https:\/\/macarons-recrutement.com\/\" rel=\"noopener\" target=\"_blank\">www.macarons-recrutement.com<\/a><\/strong><\/p>\n<\/div>\n<\/div>\n<\/div>\n<\/div>\n<div class=\"z-0 flex min-h-[46px] justify-start\">\u00a0<\/div>\n<div class=\"mt-3 w-full empty:hidden\">\n<div class=\"text-center\">\u00a0<\/div>\n<\/div>\n<\/div>\n<\/div>\n<\/section>\n<div aria-hidden=\"true\" class=\"pointer-events-none -mt-px h-px translate-y-[calc(var(--scroll-root-safe-area-inset-bottom)-14*var(--spacing))]\">\u00a0<\/div>\n<\/div><\/div>\n<p class=\"intuitionapply\">\n    <a href=\"https:\/\/jobaffinity.fr\/apply\/xiud5mm260rvu97oud?src=Site%20Macarons%20Recrutement\" target=\"_blank\" rel=\"noopener\">Candidater<\/a>\n  <\/p>\n","protected":false},"excerpt":{"rendered":"<p>Entreprise Cet \u00e9tablissement gastronomique situ\u00e9 au c\u0153ur du Vexin propose&#8230;<\/p>\n","protected":false},"author":2,"featured_media":53298,"comment_status":"closed","ping_status":"closed","sticky":false,"template":"","format":"standard","meta":{"_exactmetrics_skip_tracking":false,"_exactmetrics_sitenote_active":false,"_exactmetrics_sitenote_note":"","_exactmetrics_sitenote_category":0,"footnotes":""},"categories":[239,148,95,1],"tags":[556,1126,247,907,1349,1683],"class_list":{"0":"post-53296","1":"post","2":"type-post","3":"status-publish","4":"format-standard","5":"has-post-thumbnail","7":"category-job-offers","8":"category-non-classe-en","9":"category-offres-demploi","10":"category-uncategorized","11":"tag-cdi-restauration","12":"tag-macarons-recrutement-hotellerie-et-restauration","13":"tag-maitre-dhotel","14":"tag-responsable-de-salle","15":"tag-restauration-gastronomique","16":"tag-vexin"},"yoast_head":"<!-- This site is optimized with the Yoast SEO plugin v24.9 - https:\/\/yoast.com\/wordpress\/plugins\/seo\/ -->\n<title>Ma\u00eetre d\u2019H\u00f4tel Responsable de Salle Gastronomique H\u00f4tel Vexin<\/title>\n<meta name=\"description\" content=\"Ma\u00eetre d&#039;h\u00f4tel responsable de salle en restaurant gastronomique dans le Vexin, CDI, management et service haut de gamme\" \/>\n<meta name=\"robots\" content=\"index, follow, max-snippet:-1, max-image-preview:large, max-video-preview:-1\" \/>\n<link rel=\"canonical\" href=\"https:\/\/www.macarons-recrutement.com\/en\/maitre-dhotel-responsable-de-salle-gastronomique-hotel-vexin\/\" \/>\n<meta property=\"og:locale\" content=\"en_GB\" \/>\n<meta property=\"og:locale:alternate\" content=\"fr_FR\" \/>\n<meta property=\"og:type\" content=\"article\" \/>\n<meta property=\"og:title\" content=\"Ma\u00eetre d\u2019H\u00f4tel Responsable de Salle Gastronomique H\u00f4tel Vexin\" \/>\n<meta property=\"og:description\" content=\"Ma\u00eetre d&#039;h\u00f4tel responsable de salle en restaurant gastronomique dans le Vexin, CDI, management et service haut de gamme\" \/>\n<meta property=\"og:url\" content=\"https:\/\/www.macarons-recrutement.com\/en\/maitre-dhotel-responsable-de-salle-gastronomique-hotel-vexin\/\" \/>\n<meta property=\"og:site_name\" content=\"Macarons Recrutement\" \/>\n<meta property=\"article:publisher\" content=\"https:\/\/www.facebook.com\/MacaronsRecrutement\/\" \/>\n<meta property=\"article:published_time\" content=\"2026-04-27T09:48:14+00:00\" \/>\n<meta property=\"article:modified_time\" content=\"2026-04-27T09:53:37+00:00\" \/>\n<meta property=\"og:image\" content=\"https:\/\/www.macarons-recrutement.com\/wp-content\/uploads\/2026\/04\/Maitre-dhotel-responsable-de-salle-p.jpg\" \/>\n\t<meta property=\"og:image:width\" content=\"350\" \/>\n\t<meta property=\"og:image:height\" content=\"233\" \/>\n\t<meta property=\"og:image:type\" content=\"image\/jpeg\" \/>\n<meta name=\"author\" content=\"intuition\" \/>\n<meta name=\"twitter:card\" content=\"summary_large_image\" \/>\n<meta name=\"twitter:label1\" content=\"Written by\" \/>\n\t<meta name=\"twitter:data1\" content=\"intuition\" \/>\n\t<meta name=\"twitter:label2\" content=\"Estimated reading time\" \/>\n\t<meta name=\"twitter:data2\" content=\"3 minutes\" \/>\n<script type=\"application\/ld+json\" class=\"yoast-schema-graph\">{\"@context\":\"https:\/\/schema.org\",\"@graph\":[{\"@type\":\"Article\",\"@id\":\"https:\/\/www.macarons-recrutement.com\/maitre-dhotel-responsable-de-salle-gastronomique-hotel-vexin\/#article\",\"isPartOf\":{\"@id\":\"https:\/\/www.macarons-recrutement.com\/maitre-dhotel-responsable-de-salle-gastronomique-hotel-vexin\/\"},\"author\":{\"name\":\"intuition\",\"@id\":\"https:\/\/www.macarons-recrutement.com\/#\/schema\/person\/b5629991d49f20fdb4f94701bbabf8df\"},\"headline\":\"Ma\u00eetre d\u2019H\u00f4tel Responsable de Salle Gastronomique H\u00f4tel Vexin\",\"datePublished\":\"2026-04-27T09:48:14+00:00\",\"dateModified\":\"2026-04-27T09:53:37+00:00\",\"mainEntityOfPage\":{\"@id\":\"https:\/\/www.macarons-recrutement.com\/maitre-dhotel-responsable-de-salle-gastronomique-hotel-vexin\/\"},\"wordCount\":529,\"publisher\":{\"@id\":\"https:\/\/www.macarons-recrutement.com\/#organization\"},\"image\":{\"@id\":\"https:\/\/www.macarons-recrutement.com\/maitre-dhotel-responsable-de-salle-gastronomique-hotel-vexin\/#primaryimage\"},\"thumbnailUrl\":\"https:\/\/www.macarons-recrutement.com\/wp-content\/uploads\/2026\/04\/Maitre-dhotel-responsable-de-salle-p.jpg\",\"keywords\":[\"CDI restauration\",\"Macarons Recrutement H\u00f4tellerie et Restauration\",\"maitre d'hotel\",\"responsable de salle\",\"restauration gastronomique\",\"Vexin\"],\"articleSection\":[\"Job offers\",\"Non class\u00e9\",\"Offres d\u2019emploi\",\"Uncategorized\"],\"inLanguage\":\"en-GB\"},{\"@type\":\"WebPage\",\"@id\":\"https:\/\/www.macarons-recrutement.com\/maitre-dhotel-responsable-de-salle-gastronomique-hotel-vexin\/\",\"url\":\"https:\/\/www.macarons-recrutement.com\/maitre-dhotel-responsable-de-salle-gastronomique-hotel-vexin\/\",\"name\":\"Ma\u00eetre d\u2019H\u00f4tel Responsable de Salle Gastronomique H\u00f4tel Vexin\",\"isPartOf\":{\"@id\":\"https:\/\/www.macarons-recrutement.com\/#website\"},\"primaryImageOfPage\":{\"@id\":\"https:\/\/www.macarons-recrutement.com\/maitre-dhotel-responsable-de-salle-gastronomique-hotel-vexin\/#primaryimage\"},\"image\":{\"@id\":\"https:\/\/www.macarons-recrutement.com\/maitre-dhotel-responsable-de-salle-gastronomique-hotel-vexin\/#primaryimage\"},\"thumbnailUrl\":\"https:\/\/www.macarons-recrutement.com\/wp-content\/uploads\/2026\/04\/Maitre-dhotel-responsable-de-salle-p.jpg\",\"datePublished\":\"2026-04-27T09:48:14+00:00\",\"dateModified\":\"2026-04-27T09:53:37+00:00\",\"description\":\"Ma\u00eetre d'h\u00f4tel responsable de salle en restaurant gastronomique dans le Vexin, CDI, management et service haut de gamme\",\"breadcrumb\":{\"@id\":\"https:\/\/www.macarons-recrutement.com\/maitre-dhotel-responsable-de-salle-gastronomique-hotel-vexin\/#breadcrumb\"},\"inLanguage\":\"en-GB\",\"potentialAction\":[{\"@type\":\"ReadAction\",\"target\":[\"https:\/\/www.macarons-recrutement.com\/maitre-dhotel-responsable-de-salle-gastronomique-hotel-vexin\/\"]}]},{\"@type\":\"ImageObject\",\"inLanguage\":\"en-GB\",\"@id\":\"https:\/\/www.macarons-recrutement.com\/maitre-dhotel-responsable-de-salle-gastronomique-hotel-vexin\/#primaryimage\",\"url\":\"https:\/\/www.macarons-recrutement.com\/wp-content\/uploads\/2026\/04\/Maitre-dhotel-responsable-de-salle-p.jpg\",\"contentUrl\":\"https:\/\/www.macarons-recrutement.com\/wp-content\/uploads\/2026\/04\/Maitre-dhotel-responsable-de-salle-p.jpg\",\"width\":350,\"height\":233},{\"@type\":\"BreadcrumbList\",\"@id\":\"https:\/\/www.macarons-recrutement.com\/maitre-dhotel-responsable-de-salle-gastronomique-hotel-vexin\/#breadcrumb\",\"itemListElement\":[{\"@type\":\"ListItem\",\"position\":1,\"name\":\"Accueil\",\"item\":\"https:\/\/www.macarons-recrutement.com\/\"},{\"@type\":\"ListItem\",\"position\":2,\"name\":\"Ma\u00eetre d\u2019H\u00f4tel Responsable de Salle Gastronomique H\u00f4tel Vexin\"}]},{\"@type\":\"WebSite\",\"@id\":\"https:\/\/www.macarons-recrutement.com\/#website\",\"url\":\"https:\/\/www.macarons-recrutement.com\/\",\"name\":\"Macarons Recrutement H\u00f4tels & Restaurants\",\"description\":\"For hoteliers by hoteliers\",\"publisher\":{\"@id\":\"https:\/\/www.macarons-recrutement.com\/#organization\"},\"alternateName\":\"Macarons Recrutement H\u00f4tels & Restaurants\",\"potentialAction\":[{\"@type\":\"SearchAction\",\"target\":{\"@type\":\"EntryPoint\",\"urlTemplate\":\"https:\/\/www.macarons-recrutement.com\/?s={search_term_string}\"},\"query-input\":{\"@type\":\"PropertyValueSpecification\",\"valueRequired\":true,\"valueName\":\"search_term_string\"}}],\"inLanguage\":\"en-GB\"},{\"@type\":\"Organization\",\"@id\":\"https:\/\/www.macarons-recrutement.com\/#organization\",\"name\":\"Macarons Recrutement H\u00f4tels & Restaurants\",\"alternateName\":\"Macarons Recrutement H\u00f4tels & Restaurants\",\"url\":\"https:\/\/www.macarons-recrutement.com\/\",\"logo\":{\"@type\":\"ImageObject\",\"inLanguage\":\"en-GB\",\"@id\":\"https:\/\/www.macarons-recrutement.com\/#\/schema\/logo\/image\/\",\"url\":\"https:\/\/www.macarons-recrutement.com\/wp-content\/uploads\/2019\/06\/logo-MACARON-recruitment-hospitality-industry.jpg\",\"contentUrl\":\"https:\/\/www.macarons-recrutement.com\/wp-content\/uploads\/2019\/06\/logo-MACARON-recruitment-hospitality-industry.jpg\",\"width\":700,\"height\":329,\"caption\":\"Macarons Recrutement H\u00f4tels & Restaurants\"},\"image\":{\"@id\":\"https:\/\/www.macarons-recrutement.com\/#\/schema\/logo\/image\/\"},\"sameAs\":[\"https:\/\/www.facebook.com\/MacaronsRecrutement\/\",\"https:\/\/www.instagram.com\/macaronsrecrutement\/?hl=fr\",\"https:\/\/www.linkedin.com\/company\/macarons-hotels-restaurants-global-experts\/\"]},{\"@type\":\"Person\",\"@id\":\"https:\/\/www.macarons-recrutement.com\/#\/schema\/person\/b5629991d49f20fdb4f94701bbabf8df\",\"name\":\"intuition\",\"image\":{\"@type\":\"ImageObject\",\"inLanguage\":\"en-GB\",\"@id\":\"https:\/\/www.macarons-recrutement.com\/#\/schema\/person\/image\/\",\"url\":\"https:\/\/secure.gravatar.com\/avatar\/29311961e2de4294550c89dc974172dc?s=96&d=mm&r=g\",\"contentUrl\":\"https:\/\/secure.gravatar.com\/avatar\/29311961e2de4294550c89dc974172dc?s=96&d=mm&r=g\",\"caption\":\"intuition\"},\"url\":\"https:\/\/www.macarons-recrutement.com\/en\/author\/intuition\/\"}]}<\/script>\n<!-- \/ Yoast SEO plugin. -->","yoast_head_json":{"title":"Ma\u00eetre d\u2019H\u00f4tel Responsable de Salle Gastronomique H\u00f4tel Vexin","description":"Ma\u00eetre d'h\u00f4tel responsable de salle en restaurant gastronomique dans le Vexin, CDI, management et service haut de gamme","robots":{"index":"index","follow":"follow","max-snippet":"max-snippet:-1","max-image-preview":"max-image-preview:large","max-video-preview":"max-video-preview:-1"},"canonical":"https:\/\/www.macarons-recrutement.com\/en\/maitre-dhotel-responsable-de-salle-gastronomique-hotel-vexin\/","og_locale":"en_GB","og_type":"article","og_title":"[:fr]Ma\u00eetre d\u2019H\u00f4tel Responsable de Salle Gastronomique H\u00f4tel Vexin[:] - Macarons Recrutement","og_description":"[:fr]Ma\u00eetre d'h\u00f4tel responsable de salle en restaurant gastronomique dans le Vexin, CDI, management et service haut de gamme[:]","og_url":"https:\/\/www.macarons-recrutement.com\/en\/maitre-dhotel-responsable-de-salle-gastronomique-hotel-vexin\/","og_site_name":"Macarons Recrutement","article_publisher":"https:\/\/www.facebook.com\/MacaronsRecrutement\/","article_published_time":"2026-04-27T09:48:14+00:00","article_modified_time":"2026-04-27T09:53:37+00:00","og_image":[{"width":350,"height":233,"url":"https:\/\/www.macarons-recrutement.com\/wp-content\/uploads\/2026\/04\/Maitre-dhotel-responsable-de-salle-p.jpg","type":"image\/jpeg"}],"author":"intuition","twitter_card":"summary_large_image","twitter_misc":{"Written by":"intuition","Estimated reading time":"3 minutes"},"schema":{"@context":"https:\/\/schema.org","@graph":[{"@type":"Article","@id":"https:\/\/www.macarons-recrutement.com\/maitre-dhotel-responsable-de-salle-gastronomique-hotel-vexin\/#article","isPartOf":{"@id":"https:\/\/www.macarons-recrutement.com\/maitre-dhotel-responsable-de-salle-gastronomique-hotel-vexin\/"},"author":{"name":"intuition","@id":"https:\/\/www.macarons-recrutement.com\/#\/schema\/person\/b5629991d49f20fdb4f94701bbabf8df"},"headline":"Ma\u00eetre d\u2019H\u00f4tel Responsable de Salle Gastronomique H\u00f4tel Vexin","datePublished":"2026-04-27T09:48:14+00:00","dateModified":"2026-04-27T09:53:37+00:00","mainEntityOfPage":{"@id":"https:\/\/www.macarons-recrutement.com\/maitre-dhotel-responsable-de-salle-gastronomique-hotel-vexin\/"},"wordCount":529,"publisher":{"@id":"https:\/\/www.macarons-recrutement.com\/#organization"},"image":{"@id":"https:\/\/www.macarons-recrutement.com\/maitre-dhotel-responsable-de-salle-gastronomique-hotel-vexin\/#primaryimage"},"thumbnailUrl":"https:\/\/www.macarons-recrutement.com\/wp-content\/uploads\/2026\/04\/Maitre-dhotel-responsable-de-salle-p.jpg","keywords":["CDI restauration","Macarons Recrutement H\u00f4tellerie et Restauration","maitre d'hotel","responsable de salle","restauration gastronomique","Vexin"],"articleSection":["Job offers","Non class\u00e9","Offres d\u2019emploi","Uncategorized"],"inLanguage":"en-GB"},{"@type":"WebPage","@id":"https:\/\/www.macarons-recrutement.com\/maitre-dhotel-responsable-de-salle-gastronomique-hotel-vexin\/","url":"https:\/\/www.macarons-recrutement.com\/maitre-dhotel-responsable-de-salle-gastronomique-hotel-vexin\/","name":"Ma\u00eetre d\u2019H\u00f4tel Responsable de Salle Gastronomique H\u00f4tel Vexin","isPartOf":{"@id":"https:\/\/www.macarons-recrutement.com\/#website"},"primaryImageOfPage":{"@id":"https:\/\/www.macarons-recrutement.com\/maitre-dhotel-responsable-de-salle-gastronomique-hotel-vexin\/#primaryimage"},"image":{"@id":"https:\/\/www.macarons-recrutement.com\/maitre-dhotel-responsable-de-salle-gastronomique-hotel-vexin\/#primaryimage"},"thumbnailUrl":"https:\/\/www.macarons-recrutement.com\/wp-content\/uploads\/2026\/04\/Maitre-dhotel-responsable-de-salle-p.jpg","datePublished":"2026-04-27T09:48:14+00:00","dateModified":"2026-04-27T09:53:37+00:00","description":"Ma\u00eetre d'h\u00f4tel responsable de salle en restaurant gastronomique dans le Vexin, CDI, management et service haut de gamme","breadcrumb":{"@id":"https:\/\/www.macarons-recrutement.com\/maitre-dhotel-responsable-de-salle-gastronomique-hotel-vexin\/#breadcrumb"},"inLanguage":"en-GB","potentialAction":[{"@type":"ReadAction","target":["https:\/\/www.macarons-recrutement.com\/maitre-dhotel-responsable-de-salle-gastronomique-hotel-vexin\/"]}]},{"@type":"ImageObject","inLanguage":"en-GB","@id":"https:\/\/www.macarons-recrutement.com\/maitre-dhotel-responsable-de-salle-gastronomique-hotel-vexin\/#primaryimage","url":"https:\/\/www.macarons-recrutement.com\/wp-content\/uploads\/2026\/04\/Maitre-dhotel-responsable-de-salle-p.jpg","contentUrl":"https:\/\/www.macarons-recrutement.com\/wp-content\/uploads\/2026\/04\/Maitre-dhotel-responsable-de-salle-p.jpg","width":350,"height":233},{"@type":"BreadcrumbList","@id":"https:\/\/www.macarons-recrutement.com\/maitre-dhotel-responsable-de-salle-gastronomique-hotel-vexin\/#breadcrumb","itemListElement":[{"@type":"ListItem","position":1,"name":"Accueil","item":"https:\/\/www.macarons-recrutement.com\/"},{"@type":"ListItem","position":2,"name":"Ma\u00eetre d\u2019H\u00f4tel Responsable de Salle Gastronomique H\u00f4tel Vexin"}]},{"@type":"WebSite","@id":"https:\/\/www.macarons-recrutement.com\/#website","url":"https:\/\/www.macarons-recrutement.com\/","name":"Macarons Recrutement H\u00f4tels & Restaurants","description":"For hoteliers by hoteliers","publisher":{"@id":"https:\/\/www.macarons-recrutement.com\/#organization"},"alternateName":"Macarons Recrutement H\u00f4tels & Restaurants","potentialAction":[{"@type":"SearchAction","target":{"@type":"EntryPoint","urlTemplate":"https:\/\/www.macarons-recrutement.com\/?s={search_term_string}"},"query-input":{"@type":"PropertyValueSpecification","valueRequired":true,"valueName":"search_term_string"}}],"inLanguage":"en-GB"},{"@type":"Organization","@id":"https:\/\/www.macarons-recrutement.com\/#organization","name":"Macarons Recrutement H\u00f4tels & Restaurants","alternateName":"Macarons Recrutement H\u00f4tels & Restaurants","url":"https:\/\/www.macarons-recrutement.com\/","logo":{"@type":"ImageObject","inLanguage":"en-GB","@id":"https:\/\/www.macarons-recrutement.com\/#\/schema\/logo\/image\/","url":"https:\/\/www.macarons-recrutement.com\/wp-content\/uploads\/2019\/06\/logo-MACARON-recruitment-hospitality-industry.jpg","contentUrl":"https:\/\/www.macarons-recrutement.com\/wp-content\/uploads\/2019\/06\/logo-MACARON-recruitment-hospitality-industry.jpg","width":700,"height":329,"caption":"Macarons Recrutement H\u00f4tels & Restaurants"},"image":{"@id":"https:\/\/www.macarons-recrutement.com\/#\/schema\/logo\/image\/"},"sameAs":["https:\/\/www.facebook.com\/MacaronsRecrutement\/","https:\/\/www.instagram.com\/macaronsrecrutement\/?hl=fr","https:\/\/www.linkedin.com\/company\/macarons-hotels-restaurants-global-experts\/"]},{"@type":"Person","@id":"https:\/\/www.macarons-recrutement.com\/#\/schema\/person\/b5629991d49f20fdb4f94701bbabf8df","name":"intuition","image":{"@type":"ImageObject","inLanguage":"en-GB","@id":"https:\/\/www.macarons-recrutement.com\/#\/schema\/person\/image\/","url":"https:\/\/secure.gravatar.com\/avatar\/29311961e2de4294550c89dc974172dc?s=96&d=mm&r=g","contentUrl":"https:\/\/secure.gravatar.com\/avatar\/29311961e2de4294550c89dc974172dc?s=96&d=mm&r=g","caption":"intuition"},"url":"https:\/\/www.macarons-recrutement.com\/en\/author\/intuition\/"}]}},"_links":{"self":[{"href":"https:\/\/www.macarons-recrutement.com\/en\/wp-json\/wp\/v2\/posts\/53296"}],"collection":[{"href":"https:\/\/www.macarons-recrutement.com\/en\/wp-json\/wp\/v2\/posts"}],"about":[{"href":"https:\/\/www.macarons-recrutement.com\/en\/wp-json\/wp\/v2\/types\/post"}],"author":[{"embeddable":true,"href":"https:\/\/www.macarons-recrutement.com\/en\/wp-json\/wp\/v2\/users\/2"}],"replies":[{"embeddable":true,"href":"https:\/\/www.macarons-recrutement.com\/en\/wp-json\/wp\/v2\/comments?post=53296"}],"version-history":[{"count":2,"href":"https:\/\/www.macarons-recrutement.com\/en\/wp-json\/wp\/v2\/posts\/53296\/revisions"}],"predecessor-version":[{"id":53300,"href":"https:\/\/www.macarons-recrutement.com\/en\/wp-json\/wp\/v2\/posts\/53296\/revisions\/53300"}],"wp:featuredmedia":[{"embeddable":true,"href":"https:\/\/www.macarons-recrutement.com\/en\/wp-json\/wp\/v2\/media\/53298"}],"wp:attachment":[{"href":"https:\/\/www.macarons-recrutement.com\/en\/wp-json\/wp\/v2\/media?parent=53296"}],"wp:term":[{"taxonomy":"category","embeddable":true,"href":"https:\/\/www.macarons-recrutement.com\/en\/wp-json\/wp\/v2\/categories?post=53296"},{"taxonomy":"post_tag","embeddable":true,"href":"https:\/\/www.macarons-recrutement.com\/en\/wp-json\/wp\/v2\/tags?post=53296"}],"curies":[{"name":"wp","href":"https:\/\/api.w.org\/{rel}","templated":true}]}}