{"id":53236,"date":"2026-04-22T14:28:37","date_gmt":"2026-04-22T14:28:37","guid":{"rendered":"https:\/\/www.macarons-recrutement.com\/?p=53236"},"modified":"2026-04-22T14:33:35","modified_gmt":"2026-04-22T14:33:35","slug":"chef-de-partie-en-cdd-ile-de-porquerolles","status":"publish","type":"post","link":"https:\/\/www.macarons-recrutement.com\/en\/chef-de-partie-en-cdd-ile-de-porquerolles\/","title":{"rendered":"Chef de Partie en CDD \u00cele de Porquerolles"},"content":{"rendered":"<div class=\"intuitioncompanydescription\">\n<h3>Entreprise<\/h3>\n<div class=\"intuitiondescription\">\n<p data-end=\"334\" data-start=\"12\">Situ\u00e9 sur une \u00eele embl\u00e9matique de la M\u00e9diterran\u00e9e, cet \u00e9tablissement de charme m\u00eale atmosph\u00e8re de maison de famille, cuisine de produits frais et cadre de vie exceptionnel. Install\u00e9 au c\u0153ur du village, \u00e0 quelques minutes des plages et du port, il accueille une client\u00e8le fid\u00e8le dans une ambiance conviviale et authentique.<\/p>\n<p data-end=\"679\" data-start=\"336\">L\u2019\u00e9tablissement fonctionne autour d\u2019une petite brigade soud\u00e9e et d\u2019une cuisine m\u00e9diterran\u00e9enne ax\u00e9e sur les produits de la mer, les arrivages du jour et une carte simple mais soign\u00e9e. Le rythme est soutenu en saison mais l\u2019environnement de travail reste \u00e0 taille humaine avec un v\u00e9ritable esprit d\u2019\u00e9quipe.<\/p>\n<p data-end=\"679\" data-start=\"336\">Nous recrutons :\u00a0<\/p>\n<\/div><\/div>\n<div class=\"intuitionpositiondescription\">\n<h3>Poste<\/h3>\n<div class=\"intuitiondescription\">\n<p style=\"text-align: center\"><strong>Un Chef de Partie (H\/F) en CDD<\/strong><\/p>\n<p data-end=\"854\" data-start=\"688\">Dans le cadre de la saison estivale, notre client recherche un chef de partie capable de prendre en charge un poste en autonomie au sein d\u2019une brigade de 4 personnes.<\/p>\n<p data-end=\"1185\" data-start=\"856\">Vous participerez \u00e0 la mise en place, aux pr\u00e9parations et au service dans une cuisine tourn\u00e9e vers les produits frais, les poissons, les grillades et les sp\u00e9cialit\u00e9s m\u00e9diterran\u00e9ennes. Vous veillerez \u00e0 la bonne organisation de votre poste, au respect des normes d\u2019hygi\u00e8ne et \u00e0 la qualit\u00e9 des assiettes envoy\u00e9es pendant le service.<\/p>\n<p data-end=\"1503\" data-start=\"1187\">Vous rejoindrez une \u00e9quipe resserr\u00e9e o\u00f9 la polyvalence, l\u2019entraide et la r\u00e9activit\u00e9 sont essentielles. Ce poste conviendra \u00e0 un professionnel souhaitant vivre une exp\u00e9rience saisonni\u00e8re dans un environnement privil\u00e9gi\u00e9 tout en travaillant dans une maison reconnue pour son authenticit\u00e9 et son atmosph\u00e8re chaleureuse.<\/p>\n<\/div><\/div>\n<div class=\"intuitionprofiledescription\">\n<h3>Profil<\/h3>\n<div class=\"intuitiondescription\">\n<p data-end=\"1703\" data-start=\"1513\">Vous disposez d\u2019une premi\u00e8re exp\u00e9rience r\u00e9ussie comme chef de partie ou demi-chef de partie confirm\u00e9 dans un restaurant traditionnel, une brasserie de qualit\u00e9 ou un \u00e9tablissement saisonnier.<\/p>\n<p data-end=\"1924\" data-start=\"1705\">Vous appr\u00e9ciez le travail en \u00e9quipe, savez g\u00e9rer le rythme d\u2019un service soutenu et restez attentif \u00e0 la qualit\u00e9 des pr\u00e9parations. Une sensibilit\u00e9 pour les produits de la mer et la cuisine m\u00e9diterran\u00e9enne sera appr\u00e9ci\u00e9e.<\/p>\n<p data-end=\"1938\" data-start=\"1926\"><strong>Conditions :<\/strong><\/p>\n<ul>\n<li data-end=\"1996\" data-start=\"1940\">Poste en CDD \u00e0 pourvoir imm\u00e9diatement jusqu\u2019au 15 octobre 2026.<\/li>\n<li data-end=\"1996\" data-start=\"1940\">R\u00e9mun\u00e9ration propos\u00e9e : entre 2000 \u20ac net et 2300 \u20ac net selon exp\u00e9rience.<\/li>\n<li data-end=\"1996\" data-start=\"1940\">Travail en coupure.<\/li>\n<li data-end=\"1996\" data-start=\"1940\">Poste nourri et log\u00e9.<\/li>\n<\/ul>\n<p data-end=\"2324\" data-start=\"2125\">Ce poste s\u2019adresse \u00e0 des professionnels engag\u00e9s, ambitieux et d\u00e9sireux de s\u2019inscrire dans une belle saison au sein d\u2019un \u00e9tablissement \u00e0 taille humaine, port\u00e9 par un management simple et bienveillant.<\/p>\n<p data-end=\"2443\" data-start=\"2326\">Toutes les candidatures sont trait\u00e9es avec une totale confidentialit\u00e9. Les r\u00e9f\u00e9rences seront soigneusement v\u00e9rifi\u00e9es.<\/p>\n<p data-end=\"2530\" data-start=\"2445\">Merci d\u2019adresser un dossier complet (CV, lettre de motivation, photo et r\u00e9f\u00e9rences) \u00e0 :<\/p>\n<p style=\"text-align: center\"><strong>Macarons Recrutement H\u00f4tels &#038; Restaurants<\/strong><br \/>Alexandre de Roany (r\u00e9f AR2631)<br \/>27 place de la Madeleine<br \/>75008 Paris<strong><br \/><\/strong><\/p>\n<p style=\"text-align: center\"><a href=\"mailto:contact@macarons-recrutement.com\" rel=\"noopener\" target=\"_blank\">contact@macarons-recrutement.com<\/a><\/p>\n<p style=\"text-align: center\"><a href=\"https:\/\/www.macarons-recrutement.com\/\" rel=\"noopener\" target=\"_blank\">www.macarons-recrutement.com<\/a><\/p>\n<\/div><\/div>\n<p class=\"intuitionapply\">\n    <a href=\"https:\/\/jobaffinity.fr\/apply\/mhprllphymrru3v6jy?src=Site%20Macarons%20Recrutement\" target=\"_blank\" rel=\"noopener\">Candidater<\/a>\n  <\/p>\n","protected":false},"excerpt":{"rendered":"<p>Entreprise Situ\u00e9 sur une \u00eele embl\u00e9matique de la M\u00e9diterran\u00e9e, cet&#8230;<\/p>\n","protected":false},"author":2,"featured_media":53238,"comment_status":"closed","ping_status":"closed","sticky":false,"template":"","format":"standard","meta":{"_exactmetrics_skip_tracking":false,"_exactmetrics_sitenote_active":false,"_exactmetrics_sitenote_note":"","_exactmetrics_sitenote_category":0,"footnotes":""},"categories":[148,1],"tags":[1658,280,1247,1126,1323,1660,1659],"class_list":{"0":"post-53236","1":"post","2":"type-post","3":"status-publish","4":"format-standard","5":"has-post-thumbnail","7":"category-non-classe-en","8":"category-uncategorized","9":"tag-cdd-cuisine","10":"tag-chef-de-partie","11":"tag-cuisine-mediterraneenne","12":"tag-macarons-recrutement-hotellerie-et-restauration","13":"tag-restaurant-bord-de-mer","14":"tag-saison-ete-2026","15":"tag-saisonnier"},"yoast_head":"<!-- This site is optimized with the Yoast SEO plugin v24.9 - https:\/\/yoast.com\/wordpress\/plugins\/seo\/ -->\n<title>Chef de Partie en CDD \u00cele de Porquerolles<\/title>\n<meta name=\"description\" content=\"Chef de partie log\u00e9 en CDD jusqu\u2019au 15 octobre dans un restaurant m\u00e9diterran\u00e9en sur l&#039;\u00eele de Porquerolles.\" \/>\n<meta name=\"robots\" content=\"index, follow, max-snippet:-1, max-image-preview:large, max-video-preview:-1\" \/>\n<link rel=\"canonical\" href=\"https:\/\/www.macarons-recrutement.com\/en\/chef-de-partie-en-cdd-ile-de-porquerolles\/\" \/>\n<meta property=\"og:locale\" content=\"en_GB\" \/>\n<meta property=\"og:locale:alternate\" content=\"fr_FR\" \/>\n<meta property=\"og:type\" content=\"article\" \/>\n<meta property=\"og:title\" content=\"Chef de Partie en CDD \u00cele de Porquerolles\" \/>\n<meta property=\"og:description\" content=\"Chef de partie log\u00e9 en CDD jusqu\u2019au 15 octobre dans un restaurant m\u00e9diterran\u00e9en sur l&#039;\u00eele de Porquerolles.\" \/>\n<meta property=\"og:url\" content=\"https:\/\/www.macarons-recrutement.com\/en\/chef-de-partie-en-cdd-ile-de-porquerolles\/\" \/>\n<meta property=\"og:site_name\" content=\"Macarons Recrutement\" \/>\n<meta property=\"article:publisher\" content=\"https:\/\/www.facebook.com\/MacaronsRecrutement\/\" \/>\n<meta property=\"article:published_time\" content=\"2026-04-22T14:28:37+00:00\" \/>\n<meta property=\"article:modified_time\" content=\"2026-04-22T14:33:35+00:00\" \/>\n<meta property=\"og:image\" content=\"https:\/\/www.macarons-recrutement.com\/wp-content\/uploads\/2026\/04\/Chef-de-partie-Porquerolles-p.jpg\" \/>\n\t<meta property=\"og:image:width\" content=\"350\" \/>\n\t<meta property=\"og:image:height\" content=\"233\" \/>\n\t<meta property=\"og:image:type\" content=\"image\/jpeg\" \/>\n<meta name=\"author\" content=\"intuition\" \/>\n<meta name=\"twitter:card\" content=\"summary_large_image\" \/>\n<meta name=\"twitter:label1\" content=\"Written by\" \/>\n\t<meta name=\"twitter:data1\" content=\"intuition\" \/>\n\t<meta name=\"twitter:label2\" content=\"Estimated reading time\" \/>\n\t<meta name=\"twitter:data2\" content=\"3 minutes\" \/>\n<script type=\"application\/ld+json\" class=\"yoast-schema-graph\">{\"@context\":\"https:\/\/schema.org\",\"@graph\":[{\"@type\":\"Article\",\"@id\":\"https:\/\/www.macarons-recrutement.com\/chef-de-partie-en-cdd-ile-de-porquerolles\/#article\",\"isPartOf\":{\"@id\":\"https:\/\/www.macarons-recrutement.com\/chef-de-partie-en-cdd-ile-de-porquerolles\/\"},\"author\":{\"name\":\"intuition\",\"@id\":\"https:\/\/www.macarons-recrutement.com\/#\/schema\/person\/b5629991d49f20fdb4f94701bbabf8df\"},\"headline\":\"Chef de Partie en CDD \u00cele de Porquerolles\",\"datePublished\":\"2026-04-22T14:28:37+00:00\",\"dateModified\":\"2026-04-22T14:33:35+00:00\",\"mainEntityOfPage\":{\"@id\":\"https:\/\/www.macarons-recrutement.com\/chef-de-partie-en-cdd-ile-de-porquerolles\/\"},\"wordCount\":467,\"publisher\":{\"@id\":\"https:\/\/www.macarons-recrutement.com\/#organization\"},\"image\":{\"@id\":\"https:\/\/www.macarons-recrutement.com\/chef-de-partie-en-cdd-ile-de-porquerolles\/#primaryimage\"},\"thumbnailUrl\":\"https:\/\/www.macarons-recrutement.com\/wp-content\/uploads\/2026\/04\/Chef-de-partie-Porquerolles-p.jpg\",\"keywords\":[\"CDD cuisine\",\"chef de partie\",\"cuisine m\u00e9diterran\u00e9enne\",\"Macarons Recrutement H\u00f4tellerie et Restauration\",\"restaurant bord de mer\",\"saison \u00e9t\u00e9 2026\",\"saisonnier\"],\"articleSection\":[\"Non class\u00e9\",\"Uncategorized\"],\"inLanguage\":\"en-GB\"},{\"@type\":\"WebPage\",\"@id\":\"https:\/\/www.macarons-recrutement.com\/chef-de-partie-en-cdd-ile-de-porquerolles\/\",\"url\":\"https:\/\/www.macarons-recrutement.com\/chef-de-partie-en-cdd-ile-de-porquerolles\/\",\"name\":\"Chef de Partie en CDD \u00cele de Porquerolles\",\"isPartOf\":{\"@id\":\"https:\/\/www.macarons-recrutement.com\/#website\"},\"primaryImageOfPage\":{\"@id\":\"https:\/\/www.macarons-recrutement.com\/chef-de-partie-en-cdd-ile-de-porquerolles\/#primaryimage\"},\"image\":{\"@id\":\"https:\/\/www.macarons-recrutement.com\/chef-de-partie-en-cdd-ile-de-porquerolles\/#primaryimage\"},\"thumbnailUrl\":\"https:\/\/www.macarons-recrutement.com\/wp-content\/uploads\/2026\/04\/Chef-de-partie-Porquerolles-p.jpg\",\"datePublished\":\"2026-04-22T14:28:37+00:00\",\"dateModified\":\"2026-04-22T14:33:35+00:00\",\"description\":\"Chef de partie log\u00e9 en CDD jusqu\u2019au 15 octobre dans un restaurant m\u00e9diterran\u00e9en sur l'\u00eele de Porquerolles.\",\"breadcrumb\":{\"@id\":\"https:\/\/www.macarons-recrutement.com\/chef-de-partie-en-cdd-ile-de-porquerolles\/#breadcrumb\"},\"inLanguage\":\"en-GB\",\"potentialAction\":[{\"@type\":\"ReadAction\",\"target\":[\"https:\/\/www.macarons-recrutement.com\/chef-de-partie-en-cdd-ile-de-porquerolles\/\"]}]},{\"@type\":\"ImageObject\",\"inLanguage\":\"en-GB\",\"@id\":\"https:\/\/www.macarons-recrutement.com\/chef-de-partie-en-cdd-ile-de-porquerolles\/#primaryimage\",\"url\":\"https:\/\/www.macarons-recrutement.com\/wp-content\/uploads\/2026\/04\/Chef-de-partie-Porquerolles-p.jpg\",\"contentUrl\":\"https:\/\/www.macarons-recrutement.com\/wp-content\/uploads\/2026\/04\/Chef-de-partie-Porquerolles-p.jpg\",\"width\":350,\"height\":233},{\"@type\":\"BreadcrumbList\",\"@id\":\"https:\/\/www.macarons-recrutement.com\/chef-de-partie-en-cdd-ile-de-porquerolles\/#breadcrumb\",\"itemListElement\":[{\"@type\":\"ListItem\",\"position\":1,\"name\":\"Accueil\",\"item\":\"https:\/\/www.macarons-recrutement.com\/\"},{\"@type\":\"ListItem\",\"position\":2,\"name\":\"Chef de Partie en CDD \u00cele de Porquerolles\"}]},{\"@type\":\"WebSite\",\"@id\":\"https:\/\/www.macarons-recrutement.com\/#website\",\"url\":\"https:\/\/www.macarons-recrutement.com\/\",\"name\":\"Macarons Recrutement H\u00f4tels & Restaurants\",\"description\":\"For hoteliers by hoteliers\",\"publisher\":{\"@id\":\"https:\/\/www.macarons-recrutement.com\/#organization\"},\"alternateName\":\"Macarons Recrutement H\u00f4tels & Restaurants\",\"potentialAction\":[{\"@type\":\"SearchAction\",\"target\":{\"@type\":\"EntryPoint\",\"urlTemplate\":\"https:\/\/www.macarons-recrutement.com\/?s={search_term_string}\"},\"query-input\":{\"@type\":\"PropertyValueSpecification\",\"valueRequired\":true,\"valueName\":\"search_term_string\"}}],\"inLanguage\":\"en-GB\"},{\"@type\":\"Organization\",\"@id\":\"https:\/\/www.macarons-recrutement.com\/#organization\",\"name\":\"Macarons Recrutement H\u00f4tels & Restaurants\",\"alternateName\":\"Macarons Recrutement H\u00f4tels & Restaurants\",\"url\":\"https:\/\/www.macarons-recrutement.com\/\",\"logo\":{\"@type\":\"ImageObject\",\"inLanguage\":\"en-GB\",\"@id\":\"https:\/\/www.macarons-recrutement.com\/#\/schema\/logo\/image\/\",\"url\":\"https:\/\/www.macarons-recrutement.com\/wp-content\/uploads\/2019\/06\/logo-MACARON-recruitment-hospitality-industry.jpg\",\"contentUrl\":\"https:\/\/www.macarons-recrutement.com\/wp-content\/uploads\/2019\/06\/logo-MACARON-recruitment-hospitality-industry.jpg\",\"width\":700,\"height\":329,\"caption\":\"Macarons Recrutement H\u00f4tels & Restaurants\"},\"image\":{\"@id\":\"https:\/\/www.macarons-recrutement.com\/#\/schema\/logo\/image\/\"},\"sameAs\":[\"https:\/\/www.facebook.com\/MacaronsRecrutement\/\",\"https:\/\/www.instagram.com\/macaronsrecrutement\/?hl=fr\",\"https:\/\/www.linkedin.com\/company\/macarons-hotels-restaurants-global-experts\/\"]},{\"@type\":\"Person\",\"@id\":\"https:\/\/www.macarons-recrutement.com\/#\/schema\/person\/b5629991d49f20fdb4f94701bbabf8df\",\"name\":\"intuition\",\"image\":{\"@type\":\"ImageObject\",\"inLanguage\":\"en-GB\",\"@id\":\"https:\/\/www.macarons-recrutement.com\/#\/schema\/person\/image\/\",\"url\":\"https:\/\/secure.gravatar.com\/avatar\/29311961e2de4294550c89dc974172dc?s=96&d=mm&r=g\",\"contentUrl\":\"https:\/\/secure.gravatar.com\/avatar\/29311961e2de4294550c89dc974172dc?s=96&d=mm&r=g\",\"caption\":\"intuition\"},\"url\":\"https:\/\/www.macarons-recrutement.com\/en\/author\/intuition\/\"}]}<\/script>\n<!-- \/ Yoast SEO plugin. -->","yoast_head_json":{"title":"Chef de Partie en CDD \u00cele de Porquerolles","description":"Chef de partie log\u00e9 en CDD jusqu\u2019au 15 octobre dans un restaurant m\u00e9diterran\u00e9en sur l'\u00eele de Porquerolles.","robots":{"index":"index","follow":"follow","max-snippet":"max-snippet:-1","max-image-preview":"max-image-preview:large","max-video-preview":"max-video-preview:-1"},"canonical":"https:\/\/www.macarons-recrutement.com\/en\/chef-de-partie-en-cdd-ile-de-porquerolles\/","og_locale":"en_GB","og_type":"article","og_title":"[:fr]Chef de Partie en CDD \u00cele de Porquerolles[:] - Macarons Recrutement","og_description":"[:fr]Chef de partie log\u00e9 en CDD jusqu\u2019au 15 octobre dans un restaurant m\u00e9diterran\u00e9en sur l'\u00eele de Porquerolles.[:]","og_url":"https:\/\/www.macarons-recrutement.com\/en\/chef-de-partie-en-cdd-ile-de-porquerolles\/","og_site_name":"Macarons Recrutement","article_publisher":"https:\/\/www.facebook.com\/MacaronsRecrutement\/","article_published_time":"2026-04-22T14:28:37+00:00","article_modified_time":"2026-04-22T14:33:35+00:00","og_image":[{"width":350,"height":233,"url":"https:\/\/www.macarons-recrutement.com\/wp-content\/uploads\/2026\/04\/Chef-de-partie-Porquerolles-p.jpg","type":"image\/jpeg"}],"author":"intuition","twitter_card":"summary_large_image","twitter_misc":{"Written by":"intuition","Estimated reading time":"3 minutes"},"schema":{"@context":"https:\/\/schema.org","@graph":[{"@type":"Article","@id":"https:\/\/www.macarons-recrutement.com\/chef-de-partie-en-cdd-ile-de-porquerolles\/#article","isPartOf":{"@id":"https:\/\/www.macarons-recrutement.com\/chef-de-partie-en-cdd-ile-de-porquerolles\/"},"author":{"name":"intuition","@id":"https:\/\/www.macarons-recrutement.com\/#\/schema\/person\/b5629991d49f20fdb4f94701bbabf8df"},"headline":"Chef de Partie en CDD \u00cele de Porquerolles","datePublished":"2026-04-22T14:28:37+00:00","dateModified":"2026-04-22T14:33:35+00:00","mainEntityOfPage":{"@id":"https:\/\/www.macarons-recrutement.com\/chef-de-partie-en-cdd-ile-de-porquerolles\/"},"wordCount":467,"publisher":{"@id":"https:\/\/www.macarons-recrutement.com\/#organization"},"image":{"@id":"https:\/\/www.macarons-recrutement.com\/chef-de-partie-en-cdd-ile-de-porquerolles\/#primaryimage"},"thumbnailUrl":"https:\/\/www.macarons-recrutement.com\/wp-content\/uploads\/2026\/04\/Chef-de-partie-Porquerolles-p.jpg","keywords":["CDD cuisine","chef de partie","cuisine m\u00e9diterran\u00e9enne","Macarons Recrutement H\u00f4tellerie et Restauration","restaurant bord de mer","saison \u00e9t\u00e9 2026","saisonnier"],"articleSection":["Non class\u00e9","Uncategorized"],"inLanguage":"en-GB"},{"@type":"WebPage","@id":"https:\/\/www.macarons-recrutement.com\/chef-de-partie-en-cdd-ile-de-porquerolles\/","url":"https:\/\/www.macarons-recrutement.com\/chef-de-partie-en-cdd-ile-de-porquerolles\/","name":"Chef de Partie en CDD \u00cele de Porquerolles","isPartOf":{"@id":"https:\/\/www.macarons-recrutement.com\/#website"},"primaryImageOfPage":{"@id":"https:\/\/www.macarons-recrutement.com\/chef-de-partie-en-cdd-ile-de-porquerolles\/#primaryimage"},"image":{"@id":"https:\/\/www.macarons-recrutement.com\/chef-de-partie-en-cdd-ile-de-porquerolles\/#primaryimage"},"thumbnailUrl":"https:\/\/www.macarons-recrutement.com\/wp-content\/uploads\/2026\/04\/Chef-de-partie-Porquerolles-p.jpg","datePublished":"2026-04-22T14:28:37+00:00","dateModified":"2026-04-22T14:33:35+00:00","description":"Chef de partie log\u00e9 en CDD jusqu\u2019au 15 octobre dans un restaurant m\u00e9diterran\u00e9en sur l'\u00eele de Porquerolles.","breadcrumb":{"@id":"https:\/\/www.macarons-recrutement.com\/chef-de-partie-en-cdd-ile-de-porquerolles\/#breadcrumb"},"inLanguage":"en-GB","potentialAction":[{"@type":"ReadAction","target":["https:\/\/www.macarons-recrutement.com\/chef-de-partie-en-cdd-ile-de-porquerolles\/"]}]},{"@type":"ImageObject","inLanguage":"en-GB","@id":"https:\/\/www.macarons-recrutement.com\/chef-de-partie-en-cdd-ile-de-porquerolles\/#primaryimage","url":"https:\/\/www.macarons-recrutement.com\/wp-content\/uploads\/2026\/04\/Chef-de-partie-Porquerolles-p.jpg","contentUrl":"https:\/\/www.macarons-recrutement.com\/wp-content\/uploads\/2026\/04\/Chef-de-partie-Porquerolles-p.jpg","width":350,"height":233},{"@type":"BreadcrumbList","@id":"https:\/\/www.macarons-recrutement.com\/chef-de-partie-en-cdd-ile-de-porquerolles\/#breadcrumb","itemListElement":[{"@type":"ListItem","position":1,"name":"Accueil","item":"https:\/\/www.macarons-recrutement.com\/"},{"@type":"ListItem","position":2,"name":"Chef de Partie en CDD \u00cele de Porquerolles"}]},{"@type":"WebSite","@id":"https:\/\/www.macarons-recrutement.com\/#website","url":"https:\/\/www.macarons-recrutement.com\/","name":"Macarons Recrutement H\u00f4tels & Restaurants","description":"For hoteliers by hoteliers","publisher":{"@id":"https:\/\/www.macarons-recrutement.com\/#organization"},"alternateName":"Macarons Recrutement H\u00f4tels & Restaurants","potentialAction":[{"@type":"SearchAction","target":{"@type":"EntryPoint","urlTemplate":"https:\/\/www.macarons-recrutement.com\/?s={search_term_string}"},"query-input":{"@type":"PropertyValueSpecification","valueRequired":true,"valueName":"search_term_string"}}],"inLanguage":"en-GB"},{"@type":"Organization","@id":"https:\/\/www.macarons-recrutement.com\/#organization","name":"Macarons Recrutement H\u00f4tels & Restaurants","alternateName":"Macarons Recrutement H\u00f4tels & Restaurants","url":"https:\/\/www.macarons-recrutement.com\/","logo":{"@type":"ImageObject","inLanguage":"en-GB","@id":"https:\/\/www.macarons-recrutement.com\/#\/schema\/logo\/image\/","url":"https:\/\/www.macarons-recrutement.com\/wp-content\/uploads\/2019\/06\/logo-MACARON-recruitment-hospitality-industry.jpg","contentUrl":"https:\/\/www.macarons-recrutement.com\/wp-content\/uploads\/2019\/06\/logo-MACARON-recruitment-hospitality-industry.jpg","width":700,"height":329,"caption":"Macarons Recrutement H\u00f4tels & Restaurants"},"image":{"@id":"https:\/\/www.macarons-recrutement.com\/#\/schema\/logo\/image\/"},"sameAs":["https:\/\/www.facebook.com\/MacaronsRecrutement\/","https:\/\/www.instagram.com\/macaronsrecrutement\/?hl=fr","https:\/\/www.linkedin.com\/company\/macarons-hotels-restaurants-global-experts\/"]},{"@type":"Person","@id":"https:\/\/www.macarons-recrutement.com\/#\/schema\/person\/b5629991d49f20fdb4f94701bbabf8df","name":"intuition","image":{"@type":"ImageObject","inLanguage":"en-GB","@id":"https:\/\/www.macarons-recrutement.com\/#\/schema\/person\/image\/","url":"https:\/\/secure.gravatar.com\/avatar\/29311961e2de4294550c89dc974172dc?s=96&d=mm&r=g","contentUrl":"https:\/\/secure.gravatar.com\/avatar\/29311961e2de4294550c89dc974172dc?s=96&d=mm&r=g","caption":"intuition"},"url":"https:\/\/www.macarons-recrutement.com\/en\/author\/intuition\/"}]}},"_links":{"self":[{"href":"https:\/\/www.macarons-recrutement.com\/en\/wp-json\/wp\/v2\/posts\/53236"}],"collection":[{"href":"https:\/\/www.macarons-recrutement.com\/en\/wp-json\/wp\/v2\/posts"}],"about":[{"href":"https:\/\/www.macarons-recrutement.com\/en\/wp-json\/wp\/v2\/types\/post"}],"author":[{"embeddable":true,"href":"https:\/\/www.macarons-recrutement.com\/en\/wp-json\/wp\/v2\/users\/2"}],"replies":[{"embeddable":true,"href":"https:\/\/www.macarons-recrutement.com\/en\/wp-json\/wp\/v2\/comments?post=53236"}],"version-history":[{"count":2,"href":"https:\/\/www.macarons-recrutement.com\/en\/wp-json\/wp\/v2\/posts\/53236\/revisions"}],"predecessor-version":[{"id":53240,"href":"https:\/\/www.macarons-recrutement.com\/en\/wp-json\/wp\/v2\/posts\/53236\/revisions\/53240"}],"wp:featuredmedia":[{"embeddable":true,"href":"https:\/\/www.macarons-recrutement.com\/en\/wp-json\/wp\/v2\/media\/53238"}],"wp:attachment":[{"href":"https:\/\/www.macarons-recrutement.com\/en\/wp-json\/wp\/v2\/media?parent=53236"}],"wp:term":[{"taxonomy":"category","embeddable":true,"href":"https:\/\/www.macarons-recrutement.com\/en\/wp-json\/wp\/v2\/categories?post=53236"},{"taxonomy":"post_tag","embeddable":true,"href":"https:\/\/www.macarons-recrutement.com\/en\/wp-json\/wp\/v2\/tags?post=53236"}],"curies":[{"name":"wp","href":"https:\/\/api.w.org\/{rel}","templated":true}]}}