{"id":53156,"date":"2026-04-27T08:25:29","date_gmt":"2026-04-27T08:25:29","guid":{"rendered":"https:\/\/www.macarons-recrutement.com\/?p=53156"},"modified":"2026-04-27T13:58:23","modified_gmt":"2026-04-27T13:58:23","slug":"chef-de-cuisine-elegant-hotel-5-en-gironde","status":"publish","type":"post","link":"https:\/\/www.macarons-recrutement.com\/en\/chef-de-cuisine-elegant-hotel-5-en-gironde\/","title":{"rendered":"Chef de Cuisine \u00c9l\u00e9gant H\u00f4tel 5* en Gironde"},"content":{"rendered":"<div class=\"intuitioncompanydescription\">\n<h3>Entreprise<\/h3>\n<div class=\"intuitiondescription\">\n<p>Implant\u00e9 dans un cadre recherch\u00e9 et \u00e9l\u00e9gant en Gironde, cet \u00e9tablissement h\u00f4telier 5 \u00e9toiles d\u2019une trentaine de chambres se positionne comme une adresse confidentielle tourn\u00e9e vers l\u2019excellence et l\u2019art de vivre.<\/p>\n<p>Pens\u00e9 comme un v\u00e9ritable lieu de destination, il s\u2019appuie sur une offre de restauration ambitieuse et continue, avec un restaurant et une terrasse accueillant jusqu\u2019\u00e0 une centaine de couverts, ouverts midi et soir sept jours sur sept.<\/p>\n<p>La proposition culinaire est prolong\u00e9e par un service de room service et d\u2019all day dining, r\u00e9pondant aux attentes d\u2019une client\u00e8le internationale exigeante, en qu\u00eate de coh\u00e9rence, de qualit\u00e9 et de cr\u00e9ativit\u00e9 tout au long de la journ\u00e9e.<\/p>\n<p>L\u2019\u00e9tablissement offre un environnement de travail structur\u00e9, dot\u00e9 de moyens humains cons\u00e9quents, et s\u2019inscrit dans une dynamique de mont\u00e9e en gamme assum\u00e9e.<\/p>\n<p>Nous recrutons :\u00a0<\/p>\n<\/div><\/div>\n<div class=\"intuitionpositiondescription\">\n<h3>Poste<\/h3>\n<div class=\"intuitiondescription\">\n<div style=\"text-align: center\"><strong>Chef de Cuisine (H\/F) en CDD avril \u00e0 fin octobre 2026<\/strong><\/div>\n<p>Le chef de cuisine assure la direction globale de la cuisine et pilote l\u2019ensemble de l\u2019offre culinaire de l\u2019\u00e9tablissement.<\/p>\n<p>Il participe \u00e0 la d\u00e9finition des cartes en coh\u00e9rence avec le positionnement international de la table et l&#8217;image du propri\u00e9taire, en valorisant une excellente ma\u00eetrise de la cuisine fran\u00e7aise et une sensibilit\u00e9 affirm\u00e9e \u00e0 la cuisine japonaise.<\/p>\n<p>Il encadre une brigade de quatorze personnes, plonge comprise, organise les services midi et soir, supervise le room service et l\u2019all day dining, et veille au respect des standards de qualit\u00e9, d\u2019hygi\u00e8ne et de gestion.<\/p>\n<p>Le poste implique une forte pr\u00e9sence op\u00e9rationnelle, une capacit\u00e9 \u00e0 structurer l\u2019organisation sur la dur\u00e9e de la saison et \u00e0 maintenir un niveau constant de prestation dans un rythme soutenu.<\/p>\n<\/div><\/div>\n<div class=\"intuitionprofiledescription\">\n<h3>Profil<\/h3>\n<div class=\"intuitiondescription\">\n<p>Ce poste s\u2019adresse \u00e0 un chef de cuisine exp\u00e9riment\u00e9, disposant d\u2019un parcours solide en h\u00f4tellerie ou restauration haut de gamme, \u00e0 l\u2019aise avec une brigade structur\u00e9e et des volumes r\u00e9guliers.<\/p>\n<p>Une r\u00e9elle ouverture sur la cuisine internationale est attendue, avec une tr\u00e8s bonne connaissance des fondamentaux de la cuisine fran\u00e7aise et un int\u00e9r\u00eat marqu\u00e9 pour la cuisine japonaise.<\/p>\n<p>Leadership, rigueur organisationnelle et sens du d\u00e9tail sont essentiels pour r\u00e9ussir dans cet environnement exigeant.<\/p>\n<p data-end=\"1891\" data-start=\"1879\"><strong>Conditions :<\/strong><\/p>\n<ul>\n<li data-end=\"2326\" data-start=\"1893\">Poste \u00e0 pourvoir imm\u00e9diatement jusqu&#8217;\u00e0 fin octobre en CDD.<\/li>\n<li data-end=\"2326\" data-start=\"1893\">Statut cadre.<\/li>\n<li data-end=\"2326\" data-start=\"1893\">R\u00e9mun\u00e9ration propos\u00e9e : 5000 \u20ac \u00e0 5700 \u20ac brut selon profil.<\/li>\n<li data-end=\"2326\" data-start=\"1893\">Logement individuel.<\/li>\n<\/ul>\n<p data-end=\"2326\" data-start=\"1893\">Ce poste s\u2019adresse \u00e0 des professionnels engag\u00e9s, structur\u00e9s et d\u00e9sireux de s\u2019investir pleinement sur une saison compl\u00e8te au sein d\u2019un \u00e9tablissement 5 \u00e9toiles.<\/p>\n<p data-end=\"2445\" data-start=\"2328\">Toutes les candidatures sont trait\u00e9es avec une totale confidentialit\u00e9. Les r\u00e9f\u00e9rences seront soigneusement v\u00e9rifi\u00e9es.<\/p>\n<p data-end=\"2532\" data-is-last-node=\"\" data-is-only-node=\"\" data-start=\"2447\">Merci d\u2019adresser un dossier complet (CV, lettre de motivation, photo et r\u00e9f\u00e9rences) \u00e0 :<\/p>\n<p style=\"text-align: center\"><strong>Macarons Recrutement H\u00f4tels &#038; Restaurants<\/strong><br \/>Alexandre de Roany (r\u00e9f AR2626)<br \/>27 place de la Madeleine<br \/>75008 Paris<\/p>\n<p><a href=\"mailto:contact@macarons-recrutement.com\">contact@macarons-recrutement.com<\/a><br \/><a href=\"https:\/\/www.macarons-recrutement.com\/\" rel=\"noopener\" target=\"_blank\">www.macarons-recrutement.com<\/a><\/p>\n<\/div><\/div>\n<p class=\"intuitionapply\">\n    <a href=\"https:\/\/jobaffinity.fr\/apply\/ojcjvg2rgu1cfuubkg?src=Site%20Macarons%20Recrutement\" target=\"_blank\" rel=\"noopener\">Candidater<\/a>\n  <\/p>\n","protected":false},"excerpt":{"rendered":"<p>Entreprise Implant\u00e9 dans un cadre recherch\u00e9 et \u00e9l\u00e9gant en Gironde,&#8230;<\/p>\n","protected":false},"author":2,"featured_media":52750,"comment_status":"closed","ping_status":"closed","sticky":false,"template":"","format":"standard","meta":{"_exactmetrics_skip_tracking":false,"_exactmetrics_sitenote_active":false,"_exactmetrics_sitenote_note":"","_exactmetrics_sitenote_category":0,"footnotes":""},"categories":[148,1],"tags":[1467,257,1192,1615,1290,1126],"class_list":{"0":"post-53156","1":"post","2":"type-post","3":"status-publish","4":"format-standard","5":"has-post-thumbnail","7":"category-non-classe-en","8":"category-uncategorized","9":"tag-cdd-saisonnier","10":"tag-chef-de-cuisine","11":"tag-cuisine-internationale","12":"tag-gironde","13":"tag-hotel-5-etoiles","14":"tag-macarons-recrutement-hotellerie-et-restauration"},"yoast_head":"<!-- This site is optimized with the Yoast SEO plugin v24.9 - https:\/\/yoast.com\/wordpress\/plugins\/seo\/ -->\n<title>Chef de Cuisine \u00c9l\u00e9gant H\u00f4tel 5* en Gironde<\/title>\n<meta name=\"description\" content=\"Chef de cuisine en CDD dans un h\u00f4tel 5 \u00e9toiles en Gironde, cuisine internationale, brigade structur\u00e9e, avril \u00e0 octobre.\" \/>\n<meta name=\"robots\" content=\"index, follow, max-snippet:-1, max-image-preview:large, max-video-preview:-1\" \/>\n<link rel=\"canonical\" href=\"https:\/\/www.macarons-recrutement.com\/en\/chef-de-cuisine-elegant-hotel-5-en-gironde\/\" \/>\n<meta property=\"og:locale\" content=\"en_GB\" \/>\n<meta property=\"og:locale:alternate\" content=\"fr_FR\" \/>\n<meta property=\"og:type\" content=\"article\" \/>\n<meta property=\"og:title\" content=\"Chef de Cuisine \u00c9l\u00e9gant H\u00f4tel 5* en Gironde\" \/>\n<meta property=\"og:description\" content=\"Chef de cuisine en CDD dans un h\u00f4tel 5 \u00e9toiles en Gironde, cuisine internationale, brigade structur\u00e9e, avril \u00e0 octobre.\" \/>\n<meta property=\"og:url\" content=\"https:\/\/www.macarons-recrutement.com\/en\/chef-de-cuisine-elegant-hotel-5-en-gironde\/\" \/>\n<meta property=\"og:site_name\" content=\"Macarons Recrutement\" \/>\n<meta property=\"article:publisher\" content=\"https:\/\/www.facebook.com\/MacaronsRecrutement\/\" \/>\n<meta property=\"article:published_time\" content=\"2026-04-27T08:25:29+00:00\" \/>\n<meta property=\"article:modified_time\" content=\"2026-04-27T13:58:23+00:00\" \/>\n<meta property=\"og:image\" content=\"https:\/\/www.macarons-recrutement.com\/wp-content\/uploads\/2026\/01\/Chef-de-cuisine-hotel-Gironde.png\" \/>\n\t<meta property=\"og:image:width\" content=\"350\" \/>\n\t<meta property=\"og:image:height\" content=\"233\" \/>\n\t<meta property=\"og:image:type\" content=\"image\/png\" \/>\n<meta name=\"author\" content=\"intuition\" \/>\n<meta name=\"twitter:card\" content=\"summary_large_image\" \/>\n<meta name=\"twitter:label1\" content=\"Written by\" \/>\n\t<meta name=\"twitter:data1\" content=\"intuition\" \/>\n\t<meta name=\"twitter:label2\" content=\"Estimated reading time\" \/>\n\t<meta name=\"twitter:data2\" content=\"3 minutes\" \/>\n<script type=\"application\/ld+json\" class=\"yoast-schema-graph\">{\"@context\":\"https:\/\/schema.org\",\"@graph\":[{\"@type\":\"Article\",\"@id\":\"https:\/\/www.macarons-recrutement.com\/chef-de-cuisine-elegant-hotel-5-en-gironde\/#article\",\"isPartOf\":{\"@id\":\"https:\/\/www.macarons-recrutement.com\/chef-de-cuisine-elegant-hotel-5-en-gironde\/\"},\"author\":{\"name\":\"intuition\",\"@id\":\"https:\/\/www.macarons-recrutement.com\/#\/schema\/person\/b5629991d49f20fdb4f94701bbabf8df\"},\"headline\":\"Chef de Cuisine \u00c9l\u00e9gant H\u00f4tel 5* en Gironde\",\"datePublished\":\"2026-04-27T08:25:29+00:00\",\"dateModified\":\"2026-04-27T13:58:23+00:00\",\"mainEntityOfPage\":{\"@id\":\"https:\/\/www.macarons-recrutement.com\/chef-de-cuisine-elegant-hotel-5-en-gironde\/\"},\"wordCount\":500,\"publisher\":{\"@id\":\"https:\/\/www.macarons-recrutement.com\/#organization\"},\"image\":{\"@id\":\"https:\/\/www.macarons-recrutement.com\/chef-de-cuisine-elegant-hotel-5-en-gironde\/#primaryimage\"},\"thumbnailUrl\":\"https:\/\/www.macarons-recrutement.com\/wp-content\/uploads\/2026\/01\/Chef-de-cuisine-hotel-Gironde.png\",\"keywords\":[\"CDD saisonnier\",\"chef de cuisine\",\"cuisine internationale\",\"Gironde\",\"h\u00f4tel 5 \u00e9toiles\",\"Macarons Recrutement H\u00f4tellerie et Restauration\"],\"articleSection\":[\"Non class\u00e9\",\"Uncategorized\"],\"inLanguage\":\"en-GB\"},{\"@type\":\"WebPage\",\"@id\":\"https:\/\/www.macarons-recrutement.com\/chef-de-cuisine-elegant-hotel-5-en-gironde\/\",\"url\":\"https:\/\/www.macarons-recrutement.com\/chef-de-cuisine-elegant-hotel-5-en-gironde\/\",\"name\":\"Chef de Cuisine \u00c9l\u00e9gant H\u00f4tel 5* en Gironde\",\"isPartOf\":{\"@id\":\"https:\/\/www.macarons-recrutement.com\/#website\"},\"primaryImageOfPage\":{\"@id\":\"https:\/\/www.macarons-recrutement.com\/chef-de-cuisine-elegant-hotel-5-en-gironde\/#primaryimage\"},\"image\":{\"@id\":\"https:\/\/www.macarons-recrutement.com\/chef-de-cuisine-elegant-hotel-5-en-gironde\/#primaryimage\"},\"thumbnailUrl\":\"https:\/\/www.macarons-recrutement.com\/wp-content\/uploads\/2026\/01\/Chef-de-cuisine-hotel-Gironde.png\",\"datePublished\":\"2026-04-27T08:25:29+00:00\",\"dateModified\":\"2026-04-27T13:58:23+00:00\",\"description\":\"Chef de cuisine en CDD dans un h\u00f4tel 5 \u00e9toiles en Gironde, cuisine internationale, brigade structur\u00e9e, avril \u00e0 octobre.\",\"breadcrumb\":{\"@id\":\"https:\/\/www.macarons-recrutement.com\/chef-de-cuisine-elegant-hotel-5-en-gironde\/#breadcrumb\"},\"inLanguage\":\"en-GB\",\"potentialAction\":[{\"@type\":\"ReadAction\",\"target\":[\"https:\/\/www.macarons-recrutement.com\/chef-de-cuisine-elegant-hotel-5-en-gironde\/\"]}]},{\"@type\":\"ImageObject\",\"inLanguage\":\"en-GB\",\"@id\":\"https:\/\/www.macarons-recrutement.com\/chef-de-cuisine-elegant-hotel-5-en-gironde\/#primaryimage\",\"url\":\"https:\/\/www.macarons-recrutement.com\/wp-content\/uploads\/2026\/01\/Chef-de-cuisine-hotel-Gironde.png\",\"contentUrl\":\"https:\/\/www.macarons-recrutement.com\/wp-content\/uploads\/2026\/01\/Chef-de-cuisine-hotel-Gironde.png\",\"width\":350,\"height\":233},{\"@type\":\"BreadcrumbList\",\"@id\":\"https:\/\/www.macarons-recrutement.com\/chef-de-cuisine-elegant-hotel-5-en-gironde\/#breadcrumb\",\"itemListElement\":[{\"@type\":\"ListItem\",\"position\":1,\"name\":\"Accueil\",\"item\":\"https:\/\/www.macarons-recrutement.com\/\"},{\"@type\":\"ListItem\",\"position\":2,\"name\":\"Chef de Cuisine \u00c9l\u00e9gant H\u00f4tel 5* en Gironde\"}]},{\"@type\":\"WebSite\",\"@id\":\"https:\/\/www.macarons-recrutement.com\/#website\",\"url\":\"https:\/\/www.macarons-recrutement.com\/\",\"name\":\"Macarons Recrutement H\u00f4tels & Restaurants\",\"description\":\"For hoteliers by hoteliers\",\"publisher\":{\"@id\":\"https:\/\/www.macarons-recrutement.com\/#organization\"},\"alternateName\":\"Macarons Recrutement H\u00f4tels & Restaurants\",\"potentialAction\":[{\"@type\":\"SearchAction\",\"target\":{\"@type\":\"EntryPoint\",\"urlTemplate\":\"https:\/\/www.macarons-recrutement.com\/?s={search_term_string}\"},\"query-input\":{\"@type\":\"PropertyValueSpecification\",\"valueRequired\":true,\"valueName\":\"search_term_string\"}}],\"inLanguage\":\"en-GB\"},{\"@type\":\"Organization\",\"@id\":\"https:\/\/www.macarons-recrutement.com\/#organization\",\"name\":\"Macarons Recrutement H\u00f4tels & Restaurants\",\"alternateName\":\"Macarons Recrutement H\u00f4tels & Restaurants\",\"url\":\"https:\/\/www.macarons-recrutement.com\/\",\"logo\":{\"@type\":\"ImageObject\",\"inLanguage\":\"en-GB\",\"@id\":\"https:\/\/www.macarons-recrutement.com\/#\/schema\/logo\/image\/\",\"url\":\"https:\/\/www.macarons-recrutement.com\/wp-content\/uploads\/2019\/06\/logo-MACARON-recruitment-hospitality-industry.jpg\",\"contentUrl\":\"https:\/\/www.macarons-recrutement.com\/wp-content\/uploads\/2019\/06\/logo-MACARON-recruitment-hospitality-industry.jpg\",\"width\":700,\"height\":329,\"caption\":\"Macarons Recrutement H\u00f4tels & Restaurants\"},\"image\":{\"@id\":\"https:\/\/www.macarons-recrutement.com\/#\/schema\/logo\/image\/\"},\"sameAs\":[\"https:\/\/www.facebook.com\/MacaronsRecrutement\/\",\"https:\/\/www.instagram.com\/macaronsrecrutement\/?hl=fr\",\"https:\/\/www.linkedin.com\/company\/macarons-hotels-restaurants-global-experts\/\"]},{\"@type\":\"Person\",\"@id\":\"https:\/\/www.macarons-recrutement.com\/#\/schema\/person\/b5629991d49f20fdb4f94701bbabf8df\",\"name\":\"intuition\",\"image\":{\"@type\":\"ImageObject\",\"inLanguage\":\"en-GB\",\"@id\":\"https:\/\/www.macarons-recrutement.com\/#\/schema\/person\/image\/\",\"url\":\"https:\/\/secure.gravatar.com\/avatar\/29311961e2de4294550c89dc974172dc?s=96&d=mm&r=g\",\"contentUrl\":\"https:\/\/secure.gravatar.com\/avatar\/29311961e2de4294550c89dc974172dc?s=96&d=mm&r=g\",\"caption\":\"intuition\"},\"url\":\"https:\/\/www.macarons-recrutement.com\/en\/author\/intuition\/\"}]}<\/script>\n<!-- \/ Yoast SEO plugin. -->","yoast_head_json":{"title":"Chef de Cuisine \u00c9l\u00e9gant H\u00f4tel 5* en Gironde","description":"Chef de cuisine en CDD dans un h\u00f4tel 5 \u00e9toiles en Gironde, cuisine internationale, brigade structur\u00e9e, avril \u00e0 octobre.","robots":{"index":"index","follow":"follow","max-snippet":"max-snippet:-1","max-image-preview":"max-image-preview:large","max-video-preview":"max-video-preview:-1"},"canonical":"https:\/\/www.macarons-recrutement.com\/en\/chef-de-cuisine-elegant-hotel-5-en-gironde\/","og_locale":"en_GB","og_type":"article","og_title":"[:fr]Chef de Cuisine \u00c9l\u00e9gant H\u00f4tel 5* en Gironde[:] - Macarons Recrutement","og_description":"[:fr]Chef de cuisine en CDD dans un h\u00f4tel 5 \u00e9toiles en Gironde, cuisine internationale, brigade structur\u00e9e, avril \u00e0 octobre.[:]","og_url":"https:\/\/www.macarons-recrutement.com\/en\/chef-de-cuisine-elegant-hotel-5-en-gironde\/","og_site_name":"Macarons Recrutement","article_publisher":"https:\/\/www.facebook.com\/MacaronsRecrutement\/","article_published_time":"2026-04-27T08:25:29+00:00","article_modified_time":"2026-04-27T13:58:23+00:00","og_image":[{"width":350,"height":233,"url":"https:\/\/www.macarons-recrutement.com\/wp-content\/uploads\/2026\/01\/Chef-de-cuisine-hotel-Gironde.png","type":"image\/png"}],"author":"intuition","twitter_card":"summary_large_image","twitter_misc":{"Written by":"intuition","Estimated reading time":"3 minutes"},"schema":{"@context":"https:\/\/schema.org","@graph":[{"@type":"Article","@id":"https:\/\/www.macarons-recrutement.com\/chef-de-cuisine-elegant-hotel-5-en-gironde\/#article","isPartOf":{"@id":"https:\/\/www.macarons-recrutement.com\/chef-de-cuisine-elegant-hotel-5-en-gironde\/"},"author":{"name":"intuition","@id":"https:\/\/www.macarons-recrutement.com\/#\/schema\/person\/b5629991d49f20fdb4f94701bbabf8df"},"headline":"Chef de Cuisine \u00c9l\u00e9gant H\u00f4tel 5* en Gironde","datePublished":"2026-04-27T08:25:29+00:00","dateModified":"2026-04-27T13:58:23+00:00","mainEntityOfPage":{"@id":"https:\/\/www.macarons-recrutement.com\/chef-de-cuisine-elegant-hotel-5-en-gironde\/"},"wordCount":500,"publisher":{"@id":"https:\/\/www.macarons-recrutement.com\/#organization"},"image":{"@id":"https:\/\/www.macarons-recrutement.com\/chef-de-cuisine-elegant-hotel-5-en-gironde\/#primaryimage"},"thumbnailUrl":"https:\/\/www.macarons-recrutement.com\/wp-content\/uploads\/2026\/01\/Chef-de-cuisine-hotel-Gironde.png","keywords":["CDD saisonnier","chef de cuisine","cuisine internationale","Gironde","h\u00f4tel 5 \u00e9toiles","Macarons Recrutement H\u00f4tellerie et Restauration"],"articleSection":["Non class\u00e9","Uncategorized"],"inLanguage":"en-GB"},{"@type":"WebPage","@id":"https:\/\/www.macarons-recrutement.com\/chef-de-cuisine-elegant-hotel-5-en-gironde\/","url":"https:\/\/www.macarons-recrutement.com\/chef-de-cuisine-elegant-hotel-5-en-gironde\/","name":"Chef de Cuisine \u00c9l\u00e9gant H\u00f4tel 5* en Gironde","isPartOf":{"@id":"https:\/\/www.macarons-recrutement.com\/#website"},"primaryImageOfPage":{"@id":"https:\/\/www.macarons-recrutement.com\/chef-de-cuisine-elegant-hotel-5-en-gironde\/#primaryimage"},"image":{"@id":"https:\/\/www.macarons-recrutement.com\/chef-de-cuisine-elegant-hotel-5-en-gironde\/#primaryimage"},"thumbnailUrl":"https:\/\/www.macarons-recrutement.com\/wp-content\/uploads\/2026\/01\/Chef-de-cuisine-hotel-Gironde.png","datePublished":"2026-04-27T08:25:29+00:00","dateModified":"2026-04-27T13:58:23+00:00","description":"Chef de cuisine en CDD dans un h\u00f4tel 5 \u00e9toiles en Gironde, cuisine internationale, brigade structur\u00e9e, avril \u00e0 octobre.","breadcrumb":{"@id":"https:\/\/www.macarons-recrutement.com\/chef-de-cuisine-elegant-hotel-5-en-gironde\/#breadcrumb"},"inLanguage":"en-GB","potentialAction":[{"@type":"ReadAction","target":["https:\/\/www.macarons-recrutement.com\/chef-de-cuisine-elegant-hotel-5-en-gironde\/"]}]},{"@type":"ImageObject","inLanguage":"en-GB","@id":"https:\/\/www.macarons-recrutement.com\/chef-de-cuisine-elegant-hotel-5-en-gironde\/#primaryimage","url":"https:\/\/www.macarons-recrutement.com\/wp-content\/uploads\/2026\/01\/Chef-de-cuisine-hotel-Gironde.png","contentUrl":"https:\/\/www.macarons-recrutement.com\/wp-content\/uploads\/2026\/01\/Chef-de-cuisine-hotel-Gironde.png","width":350,"height":233},{"@type":"BreadcrumbList","@id":"https:\/\/www.macarons-recrutement.com\/chef-de-cuisine-elegant-hotel-5-en-gironde\/#breadcrumb","itemListElement":[{"@type":"ListItem","position":1,"name":"Accueil","item":"https:\/\/www.macarons-recrutement.com\/"},{"@type":"ListItem","position":2,"name":"Chef de Cuisine \u00c9l\u00e9gant H\u00f4tel 5* en Gironde"}]},{"@type":"WebSite","@id":"https:\/\/www.macarons-recrutement.com\/#website","url":"https:\/\/www.macarons-recrutement.com\/","name":"Macarons Recrutement H\u00f4tels & Restaurants","description":"For hoteliers by hoteliers","publisher":{"@id":"https:\/\/www.macarons-recrutement.com\/#organization"},"alternateName":"Macarons Recrutement H\u00f4tels & Restaurants","potentialAction":[{"@type":"SearchAction","target":{"@type":"EntryPoint","urlTemplate":"https:\/\/www.macarons-recrutement.com\/?s={search_term_string}"},"query-input":{"@type":"PropertyValueSpecification","valueRequired":true,"valueName":"search_term_string"}}],"inLanguage":"en-GB"},{"@type":"Organization","@id":"https:\/\/www.macarons-recrutement.com\/#organization","name":"Macarons Recrutement H\u00f4tels & Restaurants","alternateName":"Macarons Recrutement H\u00f4tels & Restaurants","url":"https:\/\/www.macarons-recrutement.com\/","logo":{"@type":"ImageObject","inLanguage":"en-GB","@id":"https:\/\/www.macarons-recrutement.com\/#\/schema\/logo\/image\/","url":"https:\/\/www.macarons-recrutement.com\/wp-content\/uploads\/2019\/06\/logo-MACARON-recruitment-hospitality-industry.jpg","contentUrl":"https:\/\/www.macarons-recrutement.com\/wp-content\/uploads\/2019\/06\/logo-MACARON-recruitment-hospitality-industry.jpg","width":700,"height":329,"caption":"Macarons Recrutement H\u00f4tels & Restaurants"},"image":{"@id":"https:\/\/www.macarons-recrutement.com\/#\/schema\/logo\/image\/"},"sameAs":["https:\/\/www.facebook.com\/MacaronsRecrutement\/","https:\/\/www.instagram.com\/macaronsrecrutement\/?hl=fr","https:\/\/www.linkedin.com\/company\/macarons-hotels-restaurants-global-experts\/"]},{"@type":"Person","@id":"https:\/\/www.macarons-recrutement.com\/#\/schema\/person\/b5629991d49f20fdb4f94701bbabf8df","name":"intuition","image":{"@type":"ImageObject","inLanguage":"en-GB","@id":"https:\/\/www.macarons-recrutement.com\/#\/schema\/person\/image\/","url":"https:\/\/secure.gravatar.com\/avatar\/29311961e2de4294550c89dc974172dc?s=96&d=mm&r=g","contentUrl":"https:\/\/secure.gravatar.com\/avatar\/29311961e2de4294550c89dc974172dc?s=96&d=mm&r=g","caption":"intuition"},"url":"https:\/\/www.macarons-recrutement.com\/en\/author\/intuition\/"}]}},"_links":{"self":[{"href":"https:\/\/www.macarons-recrutement.com\/en\/wp-json\/wp\/v2\/posts\/53156"}],"collection":[{"href":"https:\/\/www.macarons-recrutement.com\/en\/wp-json\/wp\/v2\/posts"}],"about":[{"href":"https:\/\/www.macarons-recrutement.com\/en\/wp-json\/wp\/v2\/types\/post"}],"author":[{"embeddable":true,"href":"https:\/\/www.macarons-recrutement.com\/en\/wp-json\/wp\/v2\/users\/2"}],"replies":[{"embeddable":true,"href":"https:\/\/www.macarons-recrutement.com\/en\/wp-json\/wp\/v2\/comments?post=53156"}],"version-history":[{"count":2,"href":"https:\/\/www.macarons-recrutement.com\/en\/wp-json\/wp\/v2\/posts\/53156\/revisions"}],"predecessor-version":[{"id":53159,"href":"https:\/\/www.macarons-recrutement.com\/en\/wp-json\/wp\/v2\/posts\/53156\/revisions\/53159"}],"wp:featuredmedia":[{"embeddable":true,"href":"https:\/\/www.macarons-recrutement.com\/en\/wp-json\/wp\/v2\/media\/52750"}],"wp:attachment":[{"href":"https:\/\/www.macarons-recrutement.com\/en\/wp-json\/wp\/v2\/media?parent=53156"}],"wp:term":[{"taxonomy":"category","embeddable":true,"href":"https:\/\/www.macarons-recrutement.com\/en\/wp-json\/wp\/v2\/categories?post=53156"},{"taxonomy":"post_tag","embeddable":true,"href":"https:\/\/www.macarons-recrutement.com\/en\/wp-json\/wp\/v2\/tags?post=53156"}],"curies":[{"name":"wp","href":"https:\/\/api.w.org\/{rel}","templated":true}]}}