{"id":50578,"date":"2025-03-17T19:42:27","date_gmt":"2025-03-17T19:42:27","guid":{"rendered":"https:\/\/www.macarons-recrutement.com\/?p=50578"},"modified":"2025-03-17T19:42:29","modified_gmt":"2025-03-17T19:42:29","slug":"jen-peux-plus-je-pars-la-contagion-de-la-demission-par-vengeance-est-elle-en-marche","status":"publish","type":"post","link":"https:\/\/www.macarons-recrutement.com\/en\/jen-peux-plus-je-pars-la-contagion-de-la-demission-par-vengeance-est-elle-en-marche\/","title":{"rendered":"\u00ab\u00a0J\u2019en peux plus, je pars\u00a0\u00bb\u00a0: la contagion de la \u00ab\u00a0d\u00e9mission par vengeance\u00a0\u00bb est-elle en marche\u00a0?"},"content":{"rendered":"\n<p class=\"has-medium-font-size\">Quitter son poste avec fracas pour d\u00e9noncer des conditions de travail insoutenables\u00a0: c\u2019est le principe du \u00ab\u00a0revenge quitting\u00a0\u00bb, ph\u00e9nom\u00e8ne en pleine expansion aux \u00c9tats-Unis. Les entreprises fran\u00e7aises doivent-elles s\u2019y pr\u00e9parer\u00a0?<\/p>\n\n\n\n<p>Au travail, le pouvoir est une illusion savamment entretenue. On l&#8217;imagine aux mains de ceux qui tr\u00f4nent au sommet des organigrammes, signent des contrats d&#8217;un geste assur\u00e9 et jonglent avec les chiffres des tableaux Excel. Erreur. Si tout le monde est th\u00e9oriquement rempla\u00e7able, certains le sont moins que d&#8217;autres.<\/p>\n\n\n\n<p>Et le v\u00e9ritable pouvoir appartient \u00e0 ceux qui, dans l&#8217;ombre, font tourner la machine&nbsp;: r\u00e9pondre aux clients, fluidifier les \u00e9changes, remplir les objectifs. Ceux qui savent relancer l&#8217;imprimante capricieuse du troisi\u00e8me \u00e9tage, retrouver un fichier \u00e9gar\u00e9 en quelques clics, et qui d\u00e9tiennent les mots de passe sensibles. G\u00e9n\u00e9ralement, on comprend leur importance au moment o\u00f9 ils partent, laissant derri\u00e8re eux un chaos inattendu. Un acc\u00e8s verrouill\u00e9, une sauvegarde effac\u00e9e\u2026 De quoi gripper la machine un bon moment.<\/p>\n\n\n\n<h2 class=\"wp-block-heading\" id=\"h-une-demission-qui-laisse-des-traces\">Une d\u00e9mission qui laisse des traces<\/h2>\n\n\n\n<p>Si les couacs au moment d&#8217;un d\u00e9part sont assez courants, ils peuvent aussi \u00eatre soigneusement orchestr\u00e9s. Apr\u00e8s le&nbsp;<em><a href=\"https:\/\/www.lepoint.fr\/societe\/quiet-quitting-au-travail-les-nouveaux-partisans-du-moindre-effort-15-09-2022-2490151_23.php\">quiet quitting<\/a><\/em>&nbsp;\u2013 cette lassitude silencieuse qui avait tant fait parler d&#8217;elle en 2024, lorsque les salari\u00e9s se contentent du strict minimum \u2013, une nouvelle tendance secoue le monde du travail aux \u00c9tats-Unis&nbsp;: le&nbsp;<em>revenge quitting<\/em>&nbsp;ou&nbsp;<em>rage quitting<\/em>. Cette fois, pas question d&#8217;attendre la fin d&#8217;un contrat de travail en silence. La porte claque au pire moment pour l&#8217;entreprise.<\/p>\n\n\n\n<p>Les coll\u00e8gues sont avertis, les r\u00e9seaux sociaux s&#8217;en m\u00ealent. Surcharge de travail, management toxique, fin impos\u00e9e du t\u00e9l\u00e9travail\u00a0: tout est mis sur la place publique. Ce n&#8217;est plus une simple d\u00e9mission, c&#8217;est un acte de rupture bruyant, assum\u00e9, pens\u00e9 pour marquer les esprits et laisser une empreinte durable dans la m\u00e9moire de l&#8217;entreprise.<\/p>\n\n\n\n<p>Contrairement \u00e0 ce que l&#8217;on pourrait penser, ce ph\u00e9nom\u00e8ne ne se limite pas \u00e0 quelques salari\u00e9s \u00e0 bout de nerfs.&nbsp;<a href=\"https:\/\/softwarefinder.com\/resources\/rise-of-revenge-quitting\" target=\"_blank\" rel=\"noreferrer noopener\">Une \u00e9tude men\u00e9e en janvier&nbsp;2025 par Software Finder<\/a>&nbsp;r\u00e9v\u00e8le que 28&nbsp;% des salari\u00e9s outre-Atlantique s&#8217;attendent \u00e0 voir des d\u00e9parts tapageurs secouer leur entreprise cette ann\u00e9e. Plus frappant encore&nbsp;: 17&nbsp;% affirment avoir d\u00e9j\u00e0 d\u00e9missionn\u00e9 avec un esprit de vengeance, comme un dernier coup port\u00e9 \u00e0 leur employeur avant de tourner la page.<\/p>\n\n\n\n<h2 class=\"wp-block-heading\">Un choix risqu\u00e9 dans des milieux o\u00f9 tout se sait<\/h2>\n\n\n\n<p>Alors, faut-il s&#8217;attendre \u00e0 ce que cette tendance gagne la France&nbsp;? \u00ab&nbsp;G\u00e9n\u00e9ralement, un mouvement na\u00eet aux \u00c9tats-Unis, traverse le nord de l&#8217;Europe puis finit par atteindre l&#8217;Hexagone, analyse \u00c9ric Gras, sp\u00e9cialiste des \u00e9volutions du travail chez Indeed. Mais ce n&#8217;est pas une r\u00e8gle absolue.&nbsp;\u00bb<\/p>\n\n\n\n<p>Si,&nbsp;<a href=\"https:\/\/digitiz.fr\/resolutions-salaries-2025\/\" target=\"_blank\" rel=\"noreferrer noopener\">d&#8217;apr\u00e8s un sondage<\/a>&nbsp;pour Digitiz d\u00e9voil\u00e9 en janvier&nbsp;2025, plus d&#8217;un salari\u00e9 fran\u00e7ais sur trois envisage de d\u00e9missionner cette ann\u00e9e, les raisons de ce d\u00e9sengagement sont assez vari\u00e9es&nbsp;: 24&nbsp;% pointent un environnement de travail toxique ou peu \u00e9panouissant, 22&nbsp;% d\u00e9plorent un manque de perspectives d&#8217;\u00e9volution, et 18&nbsp;% jugent que leur poste ne correspond plus \u00e0 leurs aspirations. Les jeunes sont particuli\u00e8rement touch\u00e9s&nbsp;: 52&nbsp;% des 25-34&nbsp;ans envisagent de claquer la porte de leur entreprise d&#8217;ici \u00e0 quelques mois. Une tendance qui s&#8217;explique, en partie, par une plus grande libert\u00e9 de mouvement et moins de contraintes familiales que leurs a\u00een\u00e9s.<\/p>\n\n\n\n<p>Mais entre exprimer un d\u00e9sir d&#8217;ailleurs et une d\u00e9mission fa\u00e7on&nbsp;<em>drop the mic<\/em>, pens\u00e9e pour faire du bruit et marquer les esprits, il y a un monde. Pour ceux qui l&#8217;ignorent encore, cette expression vient bien du monde du rap&nbsp;: apr\u00e8s une punchline m\u00e9morable, l&#8217;artiste laisse tomber son micro et quitte la sc\u00e8ne, sous les regards m\u00e9dus\u00e9s du public. Dans le monde du travail, \u00e7a pourrait \u00eatre ce commercial qui, apr\u00e8s des mois de r\u00e9unions inutiles et de promesses d&#8217;augmentation non tenues, attend la r\u00e9union hebdomadaire avec la direction pour l\u00e2cher un \u00ab&nbsp;Ciao bonsoir&nbsp;\u00bb avant de vider son bureau.<\/p>\n\n\n\n<p>Si beaucoup ont d\u00e9j\u00e0 fantasm\u00e9 un d\u00e9part th\u00e9\u00e2tral, fa\u00e7on pub du Loto, arrivant en peignoir pour claquer la porte en riant, la r\u00e9alit\u00e9 est souvent plus sobre. La plupart des salari\u00e9s choisissent de partir sans bruit, anticipant d\u00e9j\u00e0 la prochaine \u00e9tape. \u00ab&nbsp;Personnellement, j&#8217;ai d\u00e9missionn\u00e9 il y a quelques mois, mais j&#8217;ai toujours veill\u00e9 \u00e0 ne pas me brouiller avec mes employeurs. Je travaille dans la communication \u00e9v\u00e9nementielle, un milieu o\u00f9 tout le monde se conna\u00eet. On ne sait jamais sur qui on va tomber plus tard&nbsp;\u00bb, confie Audrey, 33&nbsp;ans. Julien, 45&nbsp;ans, partage cette prudence. Pour lui, d\u00e9noncer publiquement de mauvaises pratiques est une erreur strat\u00e9gique&nbsp;: \u00ab&nbsp;Je pourrais le faire si je comptais me reconvertir ou si j&#8217;avais d\u00e9j\u00e0 trouv\u00e9 autre chose et que ma nouvelle bo\u00eete n&#8217;avait aucun lien avec mes anciens patrons.&nbsp;\u00bb<\/p>\n\n\n\n<h2 class=\"wp-block-heading\">La France, un march\u00e9 du travail sous protection<\/h2>\n\n\n\n<p>Ce qui bouleverse le march\u00e9 du travail am\u00e9ricain ne s&#8217;exporte pas syst\u00e9matiquement en France. Les diff\u00e9rences de culture professionnelle freinent souvent la propagation de ces tendances. Souvenez-vous de&nbsp;<a href=\"https:\/\/www.lepoint.fr\/editos-du-point\/pierre-antoine-delhommais\/vous-avez-dit-grande-demission-05-09-2022-2488528_493.php\">la Grande D\u00e9mission<\/a>&nbsp;en 2021. Une h\u00e9morragie de salari\u00e9s aux \u00c9tats-Unis. Des millions de postes abandonn\u00e9s du jour au lendemain. L&#8217;\u00e9conomie tremble. En France, on retient son souffle. Et puis\u2026 rien, ou si peu.<\/p>\n\n\n\n<p>Les d\u00e9missions ont l\u00e9g\u00e8rement augment\u00e9, mais la vague attendue s&#8217;est bris\u00e9e avant d&#8217;atteindre le rivage.&nbsp;<a href=\"https:\/\/dares.travail-emploi.gouv.fr\/donnees?var_mode=calcul&#038;f%5B0%5D=geo_dimensions_ct%3A53&#038;f%5B1%5D=geo_dimensions_ct%3A173&#038;f%5B2%5D=geo_dimensions_ct%3A175&#038;f%5B3%5D=geo_dimensions_ct%3A359&#038;f%5B4%5D=geo_dimensions_ct%3A360&#038;f%5B5%5D=temporalities_ct%3A30&#038;f%5B6%5D=temporalities_ct%3A31&#038;page=1\" target=\"_blank\" rel=\"noreferrer noopener\">Selon la Dares<\/a>&nbsp;(Direction de l&#8217;animation de la recherche, des \u00e9tudes et des statistiques), au deuxi\u00e8me trimestre 2024, on comptait 459&nbsp;900 d\u00e9missions de CDI et 126&nbsp;600 ruptures conventionnelles en France m\u00e9tropolitaine. C&#8217;est plus qu&#8217;avant le Covid, mais loin de l&#8217;exode massif annonc\u00e9. L&#8217;inflation serre la vis, les tensions g\u00e9opolitiques figent le march\u00e9 du travail, les incertitudes s&#8217;accumulent. Les salari\u00e9s veulent partir. Toutes les \u00e9tudes le montrent. Mais pour aller o\u00f9&nbsp;? Pour faire quoi&nbsp;? L&#8217;incertitude freine l&#8217;\u00e9lan.<\/p>\n\n\n\n<p>\u00ab&nbsp;M\u00eame si de plus en plus de salari\u00e9s en France se sentent coinc\u00e9s dans leur job, les ruptures avec l&#8217;employeur restent bien moins fr\u00e9quentes qu&#8217;aux \u00c9tats-Unis&nbsp;\u00bb, explique \u00c9ric Gras. Dans l&#8217;Hexagone, les accords d&#8217;entreprise et de branche encadrent les conditions de travail et emp\u00eachent les employeurs de revenir brutalement sur des acquis, comme le t\u00e9l\u00e9travail.<\/p>\n\n\n\n<h2 class=\"wp-block-heading\">R\u00e9serv\u00e9 aux secteurs sous tension<\/h2>\n\n\n\n<p>\u00ab&nbsp;Il y a donc moins de vague chez nous&nbsp;\u00bb, r\u00e9sume-t-il. Le&nbsp;<em>revenge quitting<\/em>&nbsp;existe aussi en France, mais il reste cantonn\u00e9 aux secteurs en tension, l\u00e0 o\u00f9 un salari\u00e9 sait qu&#8217;il retrouvera un emploi sans difficult\u00e9. L&#8217;h\u00f4tellerie-restauration et le tourisme en sont les premiers terrains d&#8217;observation, des domaines o\u00f9 la demande est forte et o\u00f9 partir du jour au lendemain n&#8217;entame pas forc\u00e9ment la r\u00e9putation d&#8217;un candidat. \u00ab&nbsp;Dans ces m\u00e9tiers, une d\u00e9mission impulsive n&#8217;est pas un saut dans l&#8217;inconnu, juste une ligne de plus \u00e0 mettre \u00e0 jour sur un CV&nbsp;\u00bb, observe le sp\u00e9cialiste des \u00e9volutions du travail.<\/p>\n\n\n\n<p>Aussi, sur le plan l\u00e9gal, quitter son poste du jour au lendemain n&#8217;est pas une option sans cons\u00e9quence. En France, un salari\u00e9 en CDI est tenu d&#8217;effectuer son pr\u00e9avis, sauf en cas d&#8217;accord avec l&#8217;employeur ou de prise d&#8217;acte. Une sortie qui permet de rompre imm\u00e9diatement son contrat en accusant son employeur de fautes suffisamment graves pour rendre la collaboration intenable. \u00ab&nbsp;Cette d\u00e9marche n&#8217;est pas sans risque, pr\u00e9vient \u00c9lise Fabing, avocate au barreau de Paris et cofondatrice du&nbsp;<a href=\"https:\/\/www.alkemist-avocats.com\/\" target=\"_blank\" rel=\"noreferrer noopener\">cabinet Alkemist<\/a>. Il faut un dossier solide, avec des preuves tangibles&nbsp;: salaires impay\u00e9s, harc\u00e8lement, modification abusive du contrat\u2026 Sinon, aux prud&#8217;hommes, \u00e7a peut \u00eatre requalifi\u00e9 en simple d\u00e9mission.&nbsp;\u00bb<\/p>\n\n\n\n<p>Certains contournent l&#8217;obstacle autrement. Un arr\u00eat maladie pendant la dur\u00e9e du pr\u00e9avis. Une fa\u00e7on d&#8217;\u00e9viter l&#8217;affrontement direct, mais qui ne prot\u00e8ge pas de tout. Sans preuve, impossible de tout dire. Une accusation publique sans fondement, et c&#8217;est la diffamation qui menace.<\/p>\n\n\n\n<h2 class=\"wp-block-heading\">Ces erreurs de management<\/h2>\n\n\n\n<p>Certaines situations finissent malgr\u00e9 tout par briser le silence des salari\u00e9s fran\u00e7ais. Pierre n&#8217;a pas cherch\u00e9 \u00e0 masquer son m\u00e9contentement aupr\u00e8s de ses coll\u00e8gues. \u00ab&nbsp;Je ne pouvais plus bosser pour un patron aussi radin&nbsp;\u00bb, l\u00e2che-t-il. Deux ans qu&#8217;il r\u00e9clamait une augmentation, deux ans \u00e0 voir son pouvoir d&#8217;achat s&#8217;\u00e9roder sous l&#8217;inflation. Et puis, il y a eu ce d\u00eener de No\u00ebl. Une invitation du patron, un moment cens\u00e9 marquer le coup avant les f\u00eates.<\/p>\n\n\n\n<p>Ce soir-l\u00e0, dix salari\u00e9s patientent dans le froid, en attendant un employeur en retard. Lorsqu&#8217;il arrive enfin, essouffl\u00e9, il lance, l&#8217;air l\u00e9ger&nbsp;: \u00ab&nbsp;Alors, on trouve une table&nbsp;?&nbsp;\u00bb Il n&#8217;a pas r\u00e9serv\u00e9. En pleine saison des pots de fin d&#8217;ann\u00e9e, impossible de caser dix couverts. Deux heures plus tard, ils finissent par s&#8217;attabler dans une brasserie. Le patron rit, trinque, f\u00e9licite ses \u00e9quipes. Puis l&#8217;addition arrive. \u00ab&nbsp;Chacun r\u00e8gle sa part.&nbsp;\u00bb Pierre s&#8217;est lev\u00e9. \u00ab&nbsp;J&#8217;en peux plus, je pars&nbsp;\u00bb, a-t-il simplement l\u00e2ch\u00e9 avant de pousser la porte. Il n&#8217;est jamais revenu. Quelques jours plus tard, il apprenait que trois coll\u00e8gues avaient suivi son exemple.<\/p>\n\n\n\n<p>De son c\u00f4t\u00e9, Tristan travaillait depuis plusieurs ann\u00e9es dans une start-up qui vantait l&#8217;\u00e9quilibre entre vie pro et vie perso. Jusqu&#8217;au jour o\u00f9, sous la pression des actionnaires, la priorit\u00e9 a chang\u00e9, et tout a bascul\u00e9. Fin du t\u00e9l\u00e9travail \u00e0 la carte, charge de travail alourdie, flexibilit\u00e9 envol\u00e9e. Il a tenu quelques mois avant de planifier son d\u00e9part. Lors d&#8217;une r\u00e9union strat\u00e9gique, il a pris la parole&nbsp;: \u00ab&nbsp;Au fait, je pars. Bonne chance.&nbsp;\u00bb Il a referm\u00e9 son ordinateur et a quitt\u00e9 la salle.<\/p>\n\n\n\n<p>Dans les semaines qui ont suivi son abandon de poste, il a pris contact avec les concurrents de son ancien employeur. Il ne regrette pas&nbsp;: \u00ab&nbsp;Je n&#8217;ai rien \u00e9crit sur LinkedIn, mais j&#8217;ai fait des confidences en off. Je ne veux plus travailler pour des entreprises qui ont les yeux plus gros que le ventre et qui ne savent pas g\u00e9rer leur argent. Je pr\u00e9f\u00e8re une croissance modeste mais saine, plut\u00f4t que du grand n&#8217;importe quoi o\u00f9, au final, ce sont les salari\u00e9s qui trinquent pour des erreurs qui ne sont pas les leurs.&nbsp;\u00bb<\/p>\n\n\n\n<h2 class=\"wp-block-heading\">Vers une \u00e9pid\u00e9mie de d\u00e9missions silencieuses&nbsp;?<\/h2>\n\n\n\n<p>L&#8217;histoire se r\u00e9p\u00e8te. Tout commence bien&nbsp;: un management bienveillant, des horaires flexibles, un \u00e9quilibre revendiqu\u00e9. Puis, sans pr\u00e9venir, tout se durcit. Le march\u00e9 se tend, la pression monte, les exigences s&#8217;alourdissent. L&#8217;ambiance change, la confiance s&#8217;effrite. Les tensions g\u00e9opolitiques, l&#8217;instabilit\u00e9 \u00e9conomique&nbsp;: autant de secousses qui fragilisent les entreprises et retombent sur leurs salari\u00e9s. \u00ab&nbsp;Plus les difficult\u00e9s s&#8217;accumulent, plus la pression se reporte sur eux&nbsp;\u00bb, observe \u00c9ric Gras.<\/p>\n\n\n\n<p>Certains, \u00e0 bout, finiront par craquer, claquer la porte en d\u00e9non\u00e7ant les failles du syst\u00e8me. Mais le plus probable, selon lui, ce n&#8217;est pas l&#8217;explosion, c&#8217;est l&#8217;usure. \u00ab&nbsp;Dans les prochains mois, on risque surtout de voir encore plus de d\u00e9missions silencieuses. Des salari\u00e9s qui restent sans y croire, par prudence ou par peur du vide.&nbsp;\u00bb Une pr\u00e9sence en pointill\u00e9, un engagement qui s&#8217;efface, une lassitude qui ronge le quotidien.<\/p>\n\n\n\n<p>Alors, qu&#8217;est-ce qui est pire pour l&#8217;entreprise&nbsp;? Un d\u00e9part en fanfare, laissant derri\u00e8re lui un bureau vide, des dossiers en suspens et un silence g\u00ean\u00e9&nbsp;? Ou cette pr\u00e9sence fant\u00f4me, ce salari\u00e9 qui reste par habitude, qui traverse les journ\u00e9es sans y mettre de lui-m\u00eame, qui s&#8217;efface sans bruit&nbsp;? Pas si simple.<\/p>\n\n\n\n<p><em>Avec l\u2019amicale autorisation du Journal Le Point<\/em><\/p>\n\n\n\n<p><em>Nos remerciements \u00e0\u00a0<strong>Romane Ganneval<\/strong><\/em><\/p>\n\n\n\n<p><\/p>\n","protected":false},"excerpt":{"rendered":"<p>Quitter son poste avec fracas pour d\u00e9noncer des conditions de&#8230;<\/p>\n","protected":false},"author":3,"featured_media":50579,"comment_status":"closed","ping_status":"closed","sticky":false,"template":"","format":"standard","meta":{"_exactmetrics_skip_tracking":false,"_exactmetrics_sitenote_active":false,"_exactmetrics_sitenote_note":"","_exactmetrics_sitenote_category":0,"footnotes":""},"categories":[119],"tags":[1126],"class_list":{"0":"post-50578","1":"post","2":"type-post","3":"status-publish","4":"format-standard","5":"has-post-thumbnail","7":"category-news","8":"tag-macarons-recrutement-hotellerie-et-restauration"},"yoast_head":"<!-- This site is optimized with the Yoast SEO plugin v24.9 - https:\/\/yoast.com\/wordpress\/plugins\/seo\/ -->\n<title>\u00ab\u00a0J\u2019en peux plus, je pars\u00a0\u00bb\u00a0: la contagion de la \u00ab\u00a0d\u00e9mission par vengeance\u00a0\u00bb est-elle en marche\u00a0?<\/title>\n<meta name=\"description\" content=\"Le revenge quitting, cette d\u00e9mission brutale et m\u00e9diatis\u00e9e, peut-il gagner la France apr\u00e8s son essor aux \u00c9tats-Unis ?\" \/>\n<meta name=\"robots\" content=\"index, follow, max-snippet:-1, max-image-preview:large, max-video-preview:-1\" \/>\n<link rel=\"canonical\" href=\"https:\/\/www.macarons-recrutement.com\/en\/jen-peux-plus-je-pars-la-contagion-de-la-demission-par-vengeance-est-elle-en-marche\/\" \/>\n<meta property=\"og:locale\" content=\"en_GB\" \/>\n<meta property=\"og:locale:alternate\" content=\"fr_FR\" \/>\n<meta property=\"og:type\" content=\"article\" \/>\n<meta property=\"og:title\" content=\"\u00ab\u00a0J\u2019en peux plus, je pars\u00a0\u00bb\u00a0: la contagion de la \u00ab\u00a0d\u00e9mission par vengeance\u00a0\u00bb est-elle en marche\u00a0?\" \/>\n<meta property=\"og:description\" content=\"Le revenge quitting, cette d\u00e9mission brutale et m\u00e9diatis\u00e9e, peut-il gagner la France apr\u00e8s son essor aux \u00c9tats-Unis ?\" \/>\n<meta property=\"og:url\" content=\"https:\/\/www.macarons-recrutement.com\/en\/jen-peux-plus-je-pars-la-contagion-de-la-demission-par-vengeance-est-elle-en-marche\/\" \/>\n<meta property=\"og:site_name\" content=\"Macarons Recrutement\" \/>\n<meta property=\"article:publisher\" content=\"https:\/\/www.facebook.com\/MacaronsRecrutement\/\" \/>\n<meta property=\"article:published_time\" content=\"2025-03-17T19:42:27+00:00\" \/>\n<meta property=\"article:modified_time\" content=\"2025-03-17T19:42:29+00:00\" \/>\n<meta property=\"og:image\" content=\"https:\/\/www.macarons-recrutement.com\/wp-content\/uploads\/2025\/03\/Je-nen-peux-plus-je-pars.jpg\" \/>\n\t<meta property=\"og:image:width\" content=\"350\" \/>\n\t<meta property=\"og:image:height\" content=\"174\" \/>\n\t<meta property=\"og:image:type\" content=\"image\/jpeg\" \/>\n<meta name=\"author\" content=\"Alexandre De Roany\" \/>\n<meta name=\"twitter:card\" content=\"summary_large_image\" \/>\n<meta name=\"twitter:label1\" content=\"Written by\" \/>\n\t<meta name=\"twitter:data1\" content=\"Alexandre De Roany\" \/>\n\t<meta name=\"twitter:label2\" content=\"Estimated reading time\" \/>\n\t<meta name=\"twitter:data2\" content=\"10 minutes\" \/>\n<script type=\"application\/ld+json\" class=\"yoast-schema-graph\">{\"@context\":\"https:\/\/schema.org\",\"@graph\":[{\"@type\":\"Article\",\"@id\":\"https:\/\/www.macarons-recrutement.com\/jen-peux-plus-je-pars-la-contagion-de-la-demission-par-vengeance-est-elle-en-marche\/#article\",\"isPartOf\":{\"@id\":\"https:\/\/www.macarons-recrutement.com\/jen-peux-plus-je-pars-la-contagion-de-la-demission-par-vengeance-est-elle-en-marche\/\"},\"author\":{\"name\":\"Alexandre De Roany\",\"@id\":\"https:\/\/www.macarons-recrutement.com\/#\/schema\/person\/618c947cf87dd0b1869a7f1f541bdbc6\"},\"headline\":\"\u00ab\u00a0J\u2019en peux plus, je pars\u00a0\u00bb\u00a0: la contagion de la \u00ab\u00a0d\u00e9mission par vengeance\u00a0\u00bb est-elle en marche\u00a0?\",\"datePublished\":\"2025-03-17T19:42:27+00:00\",\"dateModified\":\"2025-03-17T19:42:29+00:00\",\"mainEntityOfPage\":{\"@id\":\"https:\/\/www.macarons-recrutement.com\/jen-peux-plus-je-pars-la-contagion-de-la-demission-par-vengeance-est-elle-en-marche\/\"},\"wordCount\":2135,\"publisher\":{\"@id\":\"https:\/\/www.macarons-recrutement.com\/#organization\"},\"image\":{\"@id\":\"https:\/\/www.macarons-recrutement.com\/jen-peux-plus-je-pars-la-contagion-de-la-demission-par-vengeance-est-elle-en-marche\/#primaryimage\"},\"thumbnailUrl\":\"https:\/\/www.macarons-recrutement.com\/wp-content\/uploads\/2025\/03\/Je-nen-peux-plus-je-pars.jpg\",\"keywords\":[\"Macarons Recrutement H\u00f4tellerie et Restauration\"],\"articleSection\":[\"News\"],\"inLanguage\":\"en-GB\"},{\"@type\":\"WebPage\",\"@id\":\"https:\/\/www.macarons-recrutement.com\/jen-peux-plus-je-pars-la-contagion-de-la-demission-par-vengeance-est-elle-en-marche\/\",\"url\":\"https:\/\/www.macarons-recrutement.com\/jen-peux-plus-je-pars-la-contagion-de-la-demission-par-vengeance-est-elle-en-marche\/\",\"name\":\"\u00ab\u00a0J\u2019en peux plus, je pars\u00a0\u00bb\u00a0: la contagion de la \u00ab\u00a0d\u00e9mission par vengeance\u00a0\u00bb est-elle en marche\u00a0?\",\"isPartOf\":{\"@id\":\"https:\/\/www.macarons-recrutement.com\/#website\"},\"primaryImageOfPage\":{\"@id\":\"https:\/\/www.macarons-recrutement.com\/jen-peux-plus-je-pars-la-contagion-de-la-demission-par-vengeance-est-elle-en-marche\/#primaryimage\"},\"image\":{\"@id\":\"https:\/\/www.macarons-recrutement.com\/jen-peux-plus-je-pars-la-contagion-de-la-demission-par-vengeance-est-elle-en-marche\/#primaryimage\"},\"thumbnailUrl\":\"https:\/\/www.macarons-recrutement.com\/wp-content\/uploads\/2025\/03\/Je-nen-peux-plus-je-pars.jpg\",\"datePublished\":\"2025-03-17T19:42:27+00:00\",\"dateModified\":\"2025-03-17T19:42:29+00:00\",\"description\":\"Le revenge quitting, cette d\u00e9mission brutale et m\u00e9diatis\u00e9e, peut-il gagner la France apr\u00e8s son essor aux \u00c9tats-Unis ?\",\"breadcrumb\":{\"@id\":\"https:\/\/www.macarons-recrutement.com\/jen-peux-plus-je-pars-la-contagion-de-la-demission-par-vengeance-est-elle-en-marche\/#breadcrumb\"},\"inLanguage\":\"en-GB\",\"potentialAction\":[{\"@type\":\"ReadAction\",\"target\":[\"https:\/\/www.macarons-recrutement.com\/jen-peux-plus-je-pars-la-contagion-de-la-demission-par-vengeance-est-elle-en-marche\/\"]}]},{\"@type\":\"ImageObject\",\"inLanguage\":\"en-GB\",\"@id\":\"https:\/\/www.macarons-recrutement.com\/jen-peux-plus-je-pars-la-contagion-de-la-demission-par-vengeance-est-elle-en-marche\/#primaryimage\",\"url\":\"https:\/\/www.macarons-recrutement.com\/wp-content\/uploads\/2025\/03\/Je-nen-peux-plus-je-pars.jpg\",\"contentUrl\":\"https:\/\/www.macarons-recrutement.com\/wp-content\/uploads\/2025\/03\/Je-nen-peux-plus-je-pars.jpg\",\"width\":350,\"height\":174},{\"@type\":\"BreadcrumbList\",\"@id\":\"https:\/\/www.macarons-recrutement.com\/jen-peux-plus-je-pars-la-contagion-de-la-demission-par-vengeance-est-elle-en-marche\/#breadcrumb\",\"itemListElement\":[{\"@type\":\"ListItem\",\"position\":1,\"name\":\"Accueil\",\"item\":\"https:\/\/www.macarons-recrutement.com\/\"},{\"@type\":\"ListItem\",\"position\":2,\"name\":\"\u00ab\u00a0J\u2019en peux plus, je pars\u00a0\u00bb\u00a0: la contagion de la \u00ab\u00a0d\u00e9mission par vengeance\u00a0\u00bb est-elle en marche\u00a0?\"}]},{\"@type\":\"WebSite\",\"@id\":\"https:\/\/www.macarons-recrutement.com\/#website\",\"url\":\"https:\/\/www.macarons-recrutement.com\/\",\"name\":\"Macarons Recrutement H\u00f4tels & Restaurants\",\"description\":\"For hoteliers by hoteliers\",\"publisher\":{\"@id\":\"https:\/\/www.macarons-recrutement.com\/#organization\"},\"alternateName\":\"Macarons Recrutement H\u00f4tels & Restaurants\",\"potentialAction\":[{\"@type\":\"SearchAction\",\"target\":{\"@type\":\"EntryPoint\",\"urlTemplate\":\"https:\/\/www.macarons-recrutement.com\/?s={search_term_string}\"},\"query-input\":{\"@type\":\"PropertyValueSpecification\",\"valueRequired\":true,\"valueName\":\"search_term_string\"}}],\"inLanguage\":\"en-GB\"},{\"@type\":\"Organization\",\"@id\":\"https:\/\/www.macarons-recrutement.com\/#organization\",\"name\":\"Macarons Recrutement H\u00f4tels & Restaurants\",\"alternateName\":\"Macarons Recrutement H\u00f4tels & Restaurants\",\"url\":\"https:\/\/www.macarons-recrutement.com\/\",\"logo\":{\"@type\":\"ImageObject\",\"inLanguage\":\"en-GB\",\"@id\":\"https:\/\/www.macarons-recrutement.com\/#\/schema\/logo\/image\/\",\"url\":\"https:\/\/www.macarons-recrutement.com\/wp-content\/uploads\/2019\/06\/logo-MACARON-recruitment-hospitality-industry.jpg\",\"contentUrl\":\"https:\/\/www.macarons-recrutement.com\/wp-content\/uploads\/2019\/06\/logo-MACARON-recruitment-hospitality-industry.jpg\",\"width\":700,\"height\":329,\"caption\":\"Macarons Recrutement H\u00f4tels & Restaurants\"},\"image\":{\"@id\":\"https:\/\/www.macarons-recrutement.com\/#\/schema\/logo\/image\/\"},\"sameAs\":[\"https:\/\/www.facebook.com\/MacaronsRecrutement\/\",\"https:\/\/www.instagram.com\/macaronsrecrutement\/?hl=fr\",\"https:\/\/www.linkedin.com\/company\/macarons-hotels-restaurants-global-experts\/\"]},{\"@type\":\"Person\",\"@id\":\"https:\/\/www.macarons-recrutement.com\/#\/schema\/person\/618c947cf87dd0b1869a7f1f541bdbc6\",\"name\":\"Alexandre De Roany\",\"image\":{\"@type\":\"ImageObject\",\"inLanguage\":\"en-GB\",\"@id\":\"https:\/\/www.macarons-recrutement.com\/#\/schema\/person\/image\/\",\"url\":\"https:\/\/secure.gravatar.com\/avatar\/53644e4112de0bedba8dfaa367623e6c?s=96&d=mm&r=g\",\"contentUrl\":\"https:\/\/secure.gravatar.com\/avatar\/53644e4112de0bedba8dfaa367623e6c?s=96&d=mm&r=g\",\"caption\":\"Alexandre De Roany\"},\"url\":\"https:\/\/www.macarons-recrutement.com\/en\/author\/macaronsadmin\/\"}]}<\/script>\n<!-- \/ Yoast SEO plugin. -->","yoast_head_json":{"title":"\u00ab\u00a0J\u2019en peux plus, je pars\u00a0\u00bb\u00a0: la contagion de la \u00ab\u00a0d\u00e9mission par vengeance\u00a0\u00bb est-elle en marche\u00a0?","description":"Le revenge quitting, cette d\u00e9mission brutale et m\u00e9diatis\u00e9e, peut-il gagner la France apr\u00e8s son essor aux \u00c9tats-Unis ?","robots":{"index":"index","follow":"follow","max-snippet":"max-snippet:-1","max-image-preview":"max-image-preview:large","max-video-preview":"max-video-preview:-1"},"canonical":"https:\/\/www.macarons-recrutement.com\/en\/jen-peux-plus-je-pars-la-contagion-de-la-demission-par-vengeance-est-elle-en-marche\/","og_locale":"en_GB","og_type":"article","og_title":"[:fr]\u00ab\u00a0J\u2019en peux plus, je pars\u00a0\u00bb\u00a0: la contagion de la \u00ab\u00a0d\u00e9mission par vengeance\u00a0\u00bb est-elle en marche\u00a0?[:] - Macarons Recrutement","og_description":"[:fr]Le revenge quitting, cette d\u00e9mission brutale et m\u00e9diatis\u00e9e, peut-il gagner la France apr\u00e8s son essor aux \u00c9tats-Unis ?[:]","og_url":"https:\/\/www.macarons-recrutement.com\/en\/jen-peux-plus-je-pars-la-contagion-de-la-demission-par-vengeance-est-elle-en-marche\/","og_site_name":"Macarons Recrutement","article_publisher":"https:\/\/www.facebook.com\/MacaronsRecrutement\/","article_published_time":"2025-03-17T19:42:27+00:00","article_modified_time":"2025-03-17T19:42:29+00:00","og_image":[{"width":350,"height":174,"url":"https:\/\/www.macarons-recrutement.com\/wp-content\/uploads\/2025\/03\/Je-nen-peux-plus-je-pars.jpg","type":"image\/jpeg"}],"author":"Alexandre De Roany","twitter_card":"summary_large_image","twitter_misc":{"Written by":"Alexandre De Roany","Estimated reading time":"10 minutes"},"schema":{"@context":"https:\/\/schema.org","@graph":[{"@type":"Article","@id":"https:\/\/www.macarons-recrutement.com\/jen-peux-plus-je-pars-la-contagion-de-la-demission-par-vengeance-est-elle-en-marche\/#article","isPartOf":{"@id":"https:\/\/www.macarons-recrutement.com\/jen-peux-plus-je-pars-la-contagion-de-la-demission-par-vengeance-est-elle-en-marche\/"},"author":{"name":"Alexandre De Roany","@id":"https:\/\/www.macarons-recrutement.com\/#\/schema\/person\/618c947cf87dd0b1869a7f1f541bdbc6"},"headline":"\u00ab\u00a0J\u2019en peux plus, je pars\u00a0\u00bb\u00a0: la contagion de la \u00ab\u00a0d\u00e9mission par vengeance\u00a0\u00bb est-elle en marche\u00a0?","datePublished":"2025-03-17T19:42:27+00:00","dateModified":"2025-03-17T19:42:29+00:00","mainEntityOfPage":{"@id":"https:\/\/www.macarons-recrutement.com\/jen-peux-plus-je-pars-la-contagion-de-la-demission-par-vengeance-est-elle-en-marche\/"},"wordCount":2135,"publisher":{"@id":"https:\/\/www.macarons-recrutement.com\/#organization"},"image":{"@id":"https:\/\/www.macarons-recrutement.com\/jen-peux-plus-je-pars-la-contagion-de-la-demission-par-vengeance-est-elle-en-marche\/#primaryimage"},"thumbnailUrl":"https:\/\/www.macarons-recrutement.com\/wp-content\/uploads\/2025\/03\/Je-nen-peux-plus-je-pars.jpg","keywords":["Macarons Recrutement H\u00f4tellerie et Restauration"],"articleSection":["News"],"inLanguage":"en-GB"},{"@type":"WebPage","@id":"https:\/\/www.macarons-recrutement.com\/jen-peux-plus-je-pars-la-contagion-de-la-demission-par-vengeance-est-elle-en-marche\/","url":"https:\/\/www.macarons-recrutement.com\/jen-peux-plus-je-pars-la-contagion-de-la-demission-par-vengeance-est-elle-en-marche\/","name":"\u00ab\u00a0J\u2019en peux plus, je pars\u00a0\u00bb\u00a0: la contagion de la \u00ab\u00a0d\u00e9mission par vengeance\u00a0\u00bb est-elle en marche\u00a0?","isPartOf":{"@id":"https:\/\/www.macarons-recrutement.com\/#website"},"primaryImageOfPage":{"@id":"https:\/\/www.macarons-recrutement.com\/jen-peux-plus-je-pars-la-contagion-de-la-demission-par-vengeance-est-elle-en-marche\/#primaryimage"},"image":{"@id":"https:\/\/www.macarons-recrutement.com\/jen-peux-plus-je-pars-la-contagion-de-la-demission-par-vengeance-est-elle-en-marche\/#primaryimage"},"thumbnailUrl":"https:\/\/www.macarons-recrutement.com\/wp-content\/uploads\/2025\/03\/Je-nen-peux-plus-je-pars.jpg","datePublished":"2025-03-17T19:42:27+00:00","dateModified":"2025-03-17T19:42:29+00:00","description":"Le revenge quitting, cette d\u00e9mission brutale et m\u00e9diatis\u00e9e, peut-il gagner la France apr\u00e8s son essor aux \u00c9tats-Unis ?","breadcrumb":{"@id":"https:\/\/www.macarons-recrutement.com\/jen-peux-plus-je-pars-la-contagion-de-la-demission-par-vengeance-est-elle-en-marche\/#breadcrumb"},"inLanguage":"en-GB","potentialAction":[{"@type":"ReadAction","target":["https:\/\/www.macarons-recrutement.com\/jen-peux-plus-je-pars-la-contagion-de-la-demission-par-vengeance-est-elle-en-marche\/"]}]},{"@type":"ImageObject","inLanguage":"en-GB","@id":"https:\/\/www.macarons-recrutement.com\/jen-peux-plus-je-pars-la-contagion-de-la-demission-par-vengeance-est-elle-en-marche\/#primaryimage","url":"https:\/\/www.macarons-recrutement.com\/wp-content\/uploads\/2025\/03\/Je-nen-peux-plus-je-pars.jpg","contentUrl":"https:\/\/www.macarons-recrutement.com\/wp-content\/uploads\/2025\/03\/Je-nen-peux-plus-je-pars.jpg","width":350,"height":174},{"@type":"BreadcrumbList","@id":"https:\/\/www.macarons-recrutement.com\/jen-peux-plus-je-pars-la-contagion-de-la-demission-par-vengeance-est-elle-en-marche\/#breadcrumb","itemListElement":[{"@type":"ListItem","position":1,"name":"Accueil","item":"https:\/\/www.macarons-recrutement.com\/"},{"@type":"ListItem","position":2,"name":"\u00ab\u00a0J\u2019en peux plus, je pars\u00a0\u00bb\u00a0: la contagion de la \u00ab\u00a0d\u00e9mission par vengeance\u00a0\u00bb est-elle en marche\u00a0?"}]},{"@type":"WebSite","@id":"https:\/\/www.macarons-recrutement.com\/#website","url":"https:\/\/www.macarons-recrutement.com\/","name":"Macarons Recrutement H\u00f4tels & Restaurants","description":"For hoteliers by hoteliers","publisher":{"@id":"https:\/\/www.macarons-recrutement.com\/#organization"},"alternateName":"Macarons Recrutement H\u00f4tels & Restaurants","potentialAction":[{"@type":"SearchAction","target":{"@type":"EntryPoint","urlTemplate":"https:\/\/www.macarons-recrutement.com\/?s={search_term_string}"},"query-input":{"@type":"PropertyValueSpecification","valueRequired":true,"valueName":"search_term_string"}}],"inLanguage":"en-GB"},{"@type":"Organization","@id":"https:\/\/www.macarons-recrutement.com\/#organization","name":"Macarons Recrutement H\u00f4tels & Restaurants","alternateName":"Macarons Recrutement H\u00f4tels & Restaurants","url":"https:\/\/www.macarons-recrutement.com\/","logo":{"@type":"ImageObject","inLanguage":"en-GB","@id":"https:\/\/www.macarons-recrutement.com\/#\/schema\/logo\/image\/","url":"https:\/\/www.macarons-recrutement.com\/wp-content\/uploads\/2019\/06\/logo-MACARON-recruitment-hospitality-industry.jpg","contentUrl":"https:\/\/www.macarons-recrutement.com\/wp-content\/uploads\/2019\/06\/logo-MACARON-recruitment-hospitality-industry.jpg","width":700,"height":329,"caption":"Macarons Recrutement H\u00f4tels & Restaurants"},"image":{"@id":"https:\/\/www.macarons-recrutement.com\/#\/schema\/logo\/image\/"},"sameAs":["https:\/\/www.facebook.com\/MacaronsRecrutement\/","https:\/\/www.instagram.com\/macaronsrecrutement\/?hl=fr","https:\/\/www.linkedin.com\/company\/macarons-hotels-restaurants-global-experts\/"]},{"@type":"Person","@id":"https:\/\/www.macarons-recrutement.com\/#\/schema\/person\/618c947cf87dd0b1869a7f1f541bdbc6","name":"Alexandre De Roany","image":{"@type":"ImageObject","inLanguage":"en-GB","@id":"https:\/\/www.macarons-recrutement.com\/#\/schema\/person\/image\/","url":"https:\/\/secure.gravatar.com\/avatar\/53644e4112de0bedba8dfaa367623e6c?s=96&d=mm&r=g","contentUrl":"https:\/\/secure.gravatar.com\/avatar\/53644e4112de0bedba8dfaa367623e6c?s=96&d=mm&r=g","caption":"Alexandre De Roany"},"url":"https:\/\/www.macarons-recrutement.com\/en\/author\/macaronsadmin\/"}]}},"_links":{"self":[{"href":"https:\/\/www.macarons-recrutement.com\/en\/wp-json\/wp\/v2\/posts\/50578"}],"collection":[{"href":"https:\/\/www.macarons-recrutement.com\/en\/wp-json\/wp\/v2\/posts"}],"about":[{"href":"https:\/\/www.macarons-recrutement.com\/en\/wp-json\/wp\/v2\/types\/post"}],"author":[{"embeddable":true,"href":"https:\/\/www.macarons-recrutement.com\/en\/wp-json\/wp\/v2\/users\/3"}],"replies":[{"embeddable":true,"href":"https:\/\/www.macarons-recrutement.com\/en\/wp-json\/wp\/v2\/comments?post=50578"}],"version-history":[{"count":0,"href":"https:\/\/www.macarons-recrutement.com\/en\/wp-json\/wp\/v2\/posts\/50578\/revisions"}],"wp:featuredmedia":[{"embeddable":true,"href":"https:\/\/www.macarons-recrutement.com\/en\/wp-json\/wp\/v2\/media\/50579"}],"wp:attachment":[{"href":"https:\/\/www.macarons-recrutement.com\/en\/wp-json\/wp\/v2\/media?parent=50578"}],"wp:term":[{"taxonomy":"category","embeddable":true,"href":"https:\/\/www.macarons-recrutement.com\/en\/wp-json\/wp\/v2\/categories?post=50578"},{"taxonomy":"post_tag","embeddable":true,"href":"https:\/\/www.macarons-recrutement.com\/en\/wp-json\/wp\/v2\/tags?post=50578"}],"curies":[{"name":"wp","href":"https:\/\/api.w.org\/{rel}","templated":true}]}}