{"id":38031,"date":"2023-11-24T07:43:29","date_gmt":"2023-11-24T07:43:29","guid":{"rendered":"https:\/\/macarons-recrutement.com\/?p=38031"},"modified":"2023-11-24T07:49:05","modified_gmt":"2023-11-24T07:49:05","slug":"benjamin-collombat-nouveau-chef-executif-du-chateau-de-courcelles","status":"publish","type":"post","link":"https:\/\/www.macarons-recrutement.com\/en\/benjamin-collombat-nouveau-chef-executif-du-chateau-de-courcelles\/","title":{"rendered":"Benjamin Collombat, nouveau chef ex\u00e9cutif du Ch\u00e2teau de Courcelles"},"content":{"rendered":"\n<p>La Famille&nbsp;<strong>Anthonioz<\/strong>, propri\u00e9taire du Ch\u00e2teau de Courcelles, vient de confier \u00e0&nbsp;<strong>Benjamin Collombat<\/strong>&nbsp;son restaurant gastronomique, la Table de Courcelles, sa salle de r\u00e9ception, l\u2019Orangerie, et sa future brasserie \u00e0 Braine, le Bistrot de la Vesle. Il est charg\u00e9 de&nbsp;<em>\u00ab&nbsp;de repenser son offre culinaire et de proposer un voyage gustatif d\u2019exception \u00e0 ses clients<\/em>&nbsp;\u00bb. Sa nouvelle carte sera servie d\u00e8s le 25 janvier 2024 \u00e0 la Table de Courcelles.&nbsp;Le nouveau chef ex\u00e9cutif \u00e9tait pr\u00e9c\u00e9demment au Ch\u00e2teau de Berne, o\u00f9 le restaurant Le Jardin de Benjamin a obtenu 1 \u00e9toile Michelin et le \u00ab Prix de l\u2019Innovation \u00bb au Gault&#038;Millau.<br>Le recrutement a \u00e9t\u00e9 r\u00e9alis\u00e9 par Macarons Recrutement.<\/p>\n","protected":false},"excerpt":{"rendered":"<p>La Famille&nbsp;Anthonioz, propri\u00e9taire du Ch\u00e2teau de Courcelles, vient de confier&#8230;<\/p>\n","protected":false},"author":3,"featured_media":38033,"comment_status":"closed","ping_status":"closed","sticky":false,"template":"","format":"standard","meta":{"_exactmetrics_skip_tracking":false,"_exactmetrics_sitenote_active":false,"_exactmetrics_sitenote_note":"","_exactmetrics_sitenote_category":0,"footnotes":""},"categories":[119],"tags":[],"class_list":{"0":"post-38031","1":"post","2":"type-post","3":"status-publish","4":"format-standard","5":"has-post-thumbnail","7":"category-news"},"yoast_head":"<!-- This site is optimized with the Yoast SEO plugin v24.9 - https:\/\/yoast.com\/wordpress\/plugins\/seo\/ -->\n<title>Benjamin Collombat, nouveau chef ex\u00e9cutif du Ch\u00e2teau de Courcelles<\/title>\n<meta name=\"description\" content=\"Benjamin Colombat est de nouveau chef ex\u00e9cutif du ch\u00e2teau de Courcelles, un recrutement r\u00e9alis\u00e9 par Macarons Recrutement\" \/>\n<meta name=\"robots\" content=\"index, follow, max-snippet:-1, max-image-preview:large, max-video-preview:-1\" \/>\n<link rel=\"canonical\" href=\"https:\/\/www.macarons-recrutement.com\/en\/benjamin-collombat-nouveau-chef-executif-du-chateau-de-courcelles\/\" \/>\n<meta property=\"og:locale\" content=\"en_GB\" \/>\n<meta property=\"og:locale:alternate\" content=\"fr_FR\" \/>\n<meta property=\"og:type\" content=\"article\" \/>\n<meta property=\"og:title\" content=\"Benjamin Collombat, nouveau chef ex\u00e9cutif du Ch\u00e2teau de Courcelles\" \/>\n<meta property=\"og:description\" content=\"Benjamin Colombat est de nouveau chef ex\u00e9cutif du ch\u00e2teau de Courcelles, un recrutement r\u00e9alis\u00e9 par Macarons Recrutement\" \/>\n<meta property=\"og:url\" content=\"https:\/\/www.macarons-recrutement.com\/en\/benjamin-collombat-nouveau-chef-executif-du-chateau-de-courcelles\/\" \/>\n<meta property=\"og:site_name\" content=\"Macarons Recrutement\" \/>\n<meta property=\"article:publisher\" content=\"https:\/\/www.facebook.com\/MacaronsRecrutement\/\" \/>\n<meta property=\"article:published_time\" content=\"2023-11-24T07:43:29+00:00\" \/>\n<meta property=\"article:modified_time\" content=\"2023-11-24T07:49:05+00:00\" \/>\n<meta property=\"og:image\" content=\"https:\/\/www.macarons-recrutement.com\/wp-content\/uploads\/2023\/11\/Benjamin-1.jpg\" \/>\n\t<meta property=\"og:image:width\" content=\"428\" \/>\n\t<meta property=\"og:image:height\" content=\"294\" \/>\n\t<meta property=\"og:image:type\" content=\"image\/jpeg\" \/>\n<meta name=\"author\" content=\"Alexandre De Roany\" \/>\n<meta name=\"twitter:card\" content=\"summary_large_image\" \/>\n<meta name=\"twitter:label1\" content=\"Written by\" \/>\n\t<meta name=\"twitter:data1\" content=\"Alexandre De Roany\" \/>\n\t<meta name=\"twitter:label2\" content=\"Estimated reading time\" \/>\n\t<meta name=\"twitter:data2\" content=\"1 minute\" \/>\n<script type=\"application\/ld+json\" class=\"yoast-schema-graph\">{\"@context\":\"https:\/\/schema.org\",\"@graph\":[{\"@type\":\"Article\",\"@id\":\"https:\/\/www.macarons-recrutement.com\/benjamin-collombat-nouveau-chef-executif-du-chateau-de-courcelles\/#article\",\"isPartOf\":{\"@id\":\"https:\/\/www.macarons-recrutement.com\/benjamin-collombat-nouveau-chef-executif-du-chateau-de-courcelles\/\"},\"author\":{\"name\":\"Alexandre De Roany\",\"@id\":\"https:\/\/www.macarons-recrutement.com\/#\/schema\/person\/618c947cf87dd0b1869a7f1f541bdbc6\"},\"headline\":\"Benjamin Collombat, nouveau chef ex\u00e9cutif du Ch\u00e2teau de Courcelles\",\"datePublished\":\"2023-11-24T07:43:29+00:00\",\"dateModified\":\"2023-11-24T07:49:05+00:00\",\"mainEntityOfPage\":{\"@id\":\"https:\/\/www.macarons-recrutement.com\/benjamin-collombat-nouveau-chef-executif-du-chateau-de-courcelles\/\"},\"wordCount\":135,\"publisher\":{\"@id\":\"https:\/\/www.macarons-recrutement.com\/#organization\"},\"image\":{\"@id\":\"https:\/\/www.macarons-recrutement.com\/benjamin-collombat-nouveau-chef-executif-du-chateau-de-courcelles\/#primaryimage\"},\"thumbnailUrl\":\"https:\/\/www.macarons-recrutement.com\/wp-content\/uploads\/2023\/11\/Benjamin-1.jpg\",\"articleSection\":[\"News\"],\"inLanguage\":\"en-GB\"},{\"@type\":\"WebPage\",\"@id\":\"https:\/\/www.macarons-recrutement.com\/benjamin-collombat-nouveau-chef-executif-du-chateau-de-courcelles\/\",\"url\":\"https:\/\/www.macarons-recrutement.com\/benjamin-collombat-nouveau-chef-executif-du-chateau-de-courcelles\/\",\"name\":\"Benjamin Collombat, nouveau chef ex\u00e9cutif du Ch\u00e2teau de Courcelles\",\"isPartOf\":{\"@id\":\"https:\/\/www.macarons-recrutement.com\/#website\"},\"primaryImageOfPage\":{\"@id\":\"https:\/\/www.macarons-recrutement.com\/benjamin-collombat-nouveau-chef-executif-du-chateau-de-courcelles\/#primaryimage\"},\"image\":{\"@id\":\"https:\/\/www.macarons-recrutement.com\/benjamin-collombat-nouveau-chef-executif-du-chateau-de-courcelles\/#primaryimage\"},\"thumbnailUrl\":\"https:\/\/www.macarons-recrutement.com\/wp-content\/uploads\/2023\/11\/Benjamin-1.jpg\",\"datePublished\":\"2023-11-24T07:43:29+00:00\",\"dateModified\":\"2023-11-24T07:49:05+00:00\",\"description\":\"Benjamin Colombat est de nouveau chef ex\u00e9cutif du ch\u00e2teau de Courcelles, un recrutement r\u00e9alis\u00e9 par Macarons Recrutement\",\"breadcrumb\":{\"@id\":\"https:\/\/www.macarons-recrutement.com\/benjamin-collombat-nouveau-chef-executif-du-chateau-de-courcelles\/#breadcrumb\"},\"inLanguage\":\"en-GB\",\"potentialAction\":[{\"@type\":\"ReadAction\",\"target\":[\"https:\/\/www.macarons-recrutement.com\/benjamin-collombat-nouveau-chef-executif-du-chateau-de-courcelles\/\"]}]},{\"@type\":\"ImageObject\",\"inLanguage\":\"en-GB\",\"@id\":\"https:\/\/www.macarons-recrutement.com\/benjamin-collombat-nouveau-chef-executif-du-chateau-de-courcelles\/#primaryimage\",\"url\":\"https:\/\/www.macarons-recrutement.com\/wp-content\/uploads\/2023\/11\/Benjamin-1.jpg\",\"contentUrl\":\"https:\/\/www.macarons-recrutement.com\/wp-content\/uploads\/2023\/11\/Benjamin-1.jpg\",\"width\":428,\"height\":294},{\"@type\":\"BreadcrumbList\",\"@id\":\"https:\/\/www.macarons-recrutement.com\/benjamin-collombat-nouveau-chef-executif-du-chateau-de-courcelles\/#breadcrumb\",\"itemListElement\":[{\"@type\":\"ListItem\",\"position\":1,\"name\":\"Accueil\",\"item\":\"https:\/\/www.macarons-recrutement.com\/\"},{\"@type\":\"ListItem\",\"position\":2,\"name\":\"Benjamin Collombat, nouveau chef ex\u00e9cutif du Ch\u00e2teau de Courcelles\"}]},{\"@type\":\"WebSite\",\"@id\":\"https:\/\/www.macarons-recrutement.com\/#website\",\"url\":\"https:\/\/www.macarons-recrutement.com\/\",\"name\":\"Macarons Recrutement H\u00f4tels & Restaurants\",\"description\":\"For hoteliers by hoteliers\",\"publisher\":{\"@id\":\"https:\/\/www.macarons-recrutement.com\/#organization\"},\"alternateName\":\"Macarons Recrutement H\u00f4tels & Restaurants\",\"potentialAction\":[{\"@type\":\"SearchAction\",\"target\":{\"@type\":\"EntryPoint\",\"urlTemplate\":\"https:\/\/www.macarons-recrutement.com\/?s={search_term_string}\"},\"query-input\":{\"@type\":\"PropertyValueSpecification\",\"valueRequired\":true,\"valueName\":\"search_term_string\"}}],\"inLanguage\":\"en-GB\"},{\"@type\":\"Organization\",\"@id\":\"https:\/\/www.macarons-recrutement.com\/#organization\",\"name\":\"Macarons Recrutement H\u00f4tels & Restaurants\",\"alternateName\":\"Macarons Recrutement H\u00f4tels & Restaurants\",\"url\":\"https:\/\/www.macarons-recrutement.com\/\",\"logo\":{\"@type\":\"ImageObject\",\"inLanguage\":\"en-GB\",\"@id\":\"https:\/\/www.macarons-recrutement.com\/#\/schema\/logo\/image\/\",\"url\":\"https:\/\/www.macarons-recrutement.com\/wp-content\/uploads\/2019\/06\/logo-MACARON-recruitment-hospitality-industry.jpg\",\"contentUrl\":\"https:\/\/www.macarons-recrutement.com\/wp-content\/uploads\/2019\/06\/logo-MACARON-recruitment-hospitality-industry.jpg\",\"width\":700,\"height\":329,\"caption\":\"Macarons Recrutement H\u00f4tels & Restaurants\"},\"image\":{\"@id\":\"https:\/\/www.macarons-recrutement.com\/#\/schema\/logo\/image\/\"},\"sameAs\":[\"https:\/\/www.facebook.com\/MacaronsRecrutement\/\",\"https:\/\/www.instagram.com\/macaronsrecrutement\/?hl=fr\",\"https:\/\/www.linkedin.com\/company\/macarons-hotels-restaurants-global-experts\/\"]},{\"@type\":\"Person\",\"@id\":\"https:\/\/www.macarons-recrutement.com\/#\/schema\/person\/618c947cf87dd0b1869a7f1f541bdbc6\",\"name\":\"Alexandre De Roany\",\"image\":{\"@type\":\"ImageObject\",\"inLanguage\":\"en-GB\",\"@id\":\"https:\/\/www.macarons-recrutement.com\/#\/schema\/person\/image\/\",\"url\":\"https:\/\/secure.gravatar.com\/avatar\/53644e4112de0bedba8dfaa367623e6c?s=96&d=mm&r=g\",\"contentUrl\":\"https:\/\/secure.gravatar.com\/avatar\/53644e4112de0bedba8dfaa367623e6c?s=96&d=mm&r=g\",\"caption\":\"Alexandre De Roany\"},\"url\":\"https:\/\/www.macarons-recrutement.com\/en\/author\/macaronsadmin\/\"}]}<\/script>\n<!-- \/ Yoast SEO plugin. -->","yoast_head_json":{"title":"Benjamin Collombat, nouveau chef ex\u00e9cutif du Ch\u00e2teau de Courcelles","description":"Benjamin Colombat est de nouveau chef ex\u00e9cutif du ch\u00e2teau de Courcelles, un recrutement r\u00e9alis\u00e9 par Macarons Recrutement","robots":{"index":"index","follow":"follow","max-snippet":"max-snippet:-1","max-image-preview":"max-image-preview:large","max-video-preview":"max-video-preview:-1"},"canonical":"https:\/\/www.macarons-recrutement.com\/en\/benjamin-collombat-nouveau-chef-executif-du-chateau-de-courcelles\/","og_locale":"en_GB","og_type":"article","og_title":"[:fr]Benjamin Collombat, nouveau chef ex\u00e9cutif du Ch\u00e2teau de Courcelles[:] - Macarons Recrutement","og_description":"Benjamin Colombat est de nouveau chef ex\u00e9cutif du ch\u00e2teau de Courcelles, un recrutement r\u00e9alis\u00e9 par Macarons Recrutement","og_url":"https:\/\/www.macarons-recrutement.com\/en\/benjamin-collombat-nouveau-chef-executif-du-chateau-de-courcelles\/","og_site_name":"Macarons Recrutement","article_publisher":"https:\/\/www.facebook.com\/MacaronsRecrutement\/","article_published_time":"2023-11-24T07:43:29+00:00","article_modified_time":"2023-11-24T07:49:05+00:00","og_image":[{"width":428,"height":294,"url":"https:\/\/www.macarons-recrutement.com\/wp-content\/uploads\/2023\/11\/Benjamin-1.jpg","type":"image\/jpeg"}],"author":"Alexandre De Roany","twitter_card":"summary_large_image","twitter_misc":{"Written by":"Alexandre De Roany","Estimated reading time":"1 minute"},"schema":{"@context":"https:\/\/schema.org","@graph":[{"@type":"Article","@id":"https:\/\/www.macarons-recrutement.com\/benjamin-collombat-nouveau-chef-executif-du-chateau-de-courcelles\/#article","isPartOf":{"@id":"https:\/\/www.macarons-recrutement.com\/benjamin-collombat-nouveau-chef-executif-du-chateau-de-courcelles\/"},"author":{"name":"Alexandre De Roany","@id":"https:\/\/www.macarons-recrutement.com\/#\/schema\/person\/618c947cf87dd0b1869a7f1f541bdbc6"},"headline":"Benjamin Collombat, nouveau chef ex\u00e9cutif du Ch\u00e2teau de Courcelles","datePublished":"2023-11-24T07:43:29+00:00","dateModified":"2023-11-24T07:49:05+00:00","mainEntityOfPage":{"@id":"https:\/\/www.macarons-recrutement.com\/benjamin-collombat-nouveau-chef-executif-du-chateau-de-courcelles\/"},"wordCount":135,"publisher":{"@id":"https:\/\/www.macarons-recrutement.com\/#organization"},"image":{"@id":"https:\/\/www.macarons-recrutement.com\/benjamin-collombat-nouveau-chef-executif-du-chateau-de-courcelles\/#primaryimage"},"thumbnailUrl":"https:\/\/www.macarons-recrutement.com\/wp-content\/uploads\/2023\/11\/Benjamin-1.jpg","articleSection":["News"],"inLanguage":"en-GB"},{"@type":"WebPage","@id":"https:\/\/www.macarons-recrutement.com\/benjamin-collombat-nouveau-chef-executif-du-chateau-de-courcelles\/","url":"https:\/\/www.macarons-recrutement.com\/benjamin-collombat-nouveau-chef-executif-du-chateau-de-courcelles\/","name":"Benjamin Collombat, nouveau chef ex\u00e9cutif du Ch\u00e2teau de Courcelles","isPartOf":{"@id":"https:\/\/www.macarons-recrutement.com\/#website"},"primaryImageOfPage":{"@id":"https:\/\/www.macarons-recrutement.com\/benjamin-collombat-nouveau-chef-executif-du-chateau-de-courcelles\/#primaryimage"},"image":{"@id":"https:\/\/www.macarons-recrutement.com\/benjamin-collombat-nouveau-chef-executif-du-chateau-de-courcelles\/#primaryimage"},"thumbnailUrl":"https:\/\/www.macarons-recrutement.com\/wp-content\/uploads\/2023\/11\/Benjamin-1.jpg","datePublished":"2023-11-24T07:43:29+00:00","dateModified":"2023-11-24T07:49:05+00:00","description":"Benjamin Colombat est de nouveau chef ex\u00e9cutif du ch\u00e2teau de Courcelles, un recrutement r\u00e9alis\u00e9 par Macarons Recrutement","breadcrumb":{"@id":"https:\/\/www.macarons-recrutement.com\/benjamin-collombat-nouveau-chef-executif-du-chateau-de-courcelles\/#breadcrumb"},"inLanguage":"en-GB","potentialAction":[{"@type":"ReadAction","target":["https:\/\/www.macarons-recrutement.com\/benjamin-collombat-nouveau-chef-executif-du-chateau-de-courcelles\/"]}]},{"@type":"ImageObject","inLanguage":"en-GB","@id":"https:\/\/www.macarons-recrutement.com\/benjamin-collombat-nouveau-chef-executif-du-chateau-de-courcelles\/#primaryimage","url":"https:\/\/www.macarons-recrutement.com\/wp-content\/uploads\/2023\/11\/Benjamin-1.jpg","contentUrl":"https:\/\/www.macarons-recrutement.com\/wp-content\/uploads\/2023\/11\/Benjamin-1.jpg","width":428,"height":294},{"@type":"BreadcrumbList","@id":"https:\/\/www.macarons-recrutement.com\/benjamin-collombat-nouveau-chef-executif-du-chateau-de-courcelles\/#breadcrumb","itemListElement":[{"@type":"ListItem","position":1,"name":"Accueil","item":"https:\/\/www.macarons-recrutement.com\/"},{"@type":"ListItem","position":2,"name":"Benjamin Collombat, nouveau chef ex\u00e9cutif du Ch\u00e2teau de Courcelles"}]},{"@type":"WebSite","@id":"https:\/\/www.macarons-recrutement.com\/#website","url":"https:\/\/www.macarons-recrutement.com\/","name":"Macarons Recrutement H\u00f4tels & Restaurants","description":"For hoteliers by hoteliers","publisher":{"@id":"https:\/\/www.macarons-recrutement.com\/#organization"},"alternateName":"Macarons Recrutement H\u00f4tels & Restaurants","potentialAction":[{"@type":"SearchAction","target":{"@type":"EntryPoint","urlTemplate":"https:\/\/www.macarons-recrutement.com\/?s={search_term_string}"},"query-input":{"@type":"PropertyValueSpecification","valueRequired":true,"valueName":"search_term_string"}}],"inLanguage":"en-GB"},{"@type":"Organization","@id":"https:\/\/www.macarons-recrutement.com\/#organization","name":"Macarons Recrutement H\u00f4tels & Restaurants","alternateName":"Macarons Recrutement H\u00f4tels & Restaurants","url":"https:\/\/www.macarons-recrutement.com\/","logo":{"@type":"ImageObject","inLanguage":"en-GB","@id":"https:\/\/www.macarons-recrutement.com\/#\/schema\/logo\/image\/","url":"https:\/\/www.macarons-recrutement.com\/wp-content\/uploads\/2019\/06\/logo-MACARON-recruitment-hospitality-industry.jpg","contentUrl":"https:\/\/www.macarons-recrutement.com\/wp-content\/uploads\/2019\/06\/logo-MACARON-recruitment-hospitality-industry.jpg","width":700,"height":329,"caption":"Macarons Recrutement H\u00f4tels & Restaurants"},"image":{"@id":"https:\/\/www.macarons-recrutement.com\/#\/schema\/logo\/image\/"},"sameAs":["https:\/\/www.facebook.com\/MacaronsRecrutement\/","https:\/\/www.instagram.com\/macaronsrecrutement\/?hl=fr","https:\/\/www.linkedin.com\/company\/macarons-hotels-restaurants-global-experts\/"]},{"@type":"Person","@id":"https:\/\/www.macarons-recrutement.com\/#\/schema\/person\/618c947cf87dd0b1869a7f1f541bdbc6","name":"Alexandre De Roany","image":{"@type":"ImageObject","inLanguage":"en-GB","@id":"https:\/\/www.macarons-recrutement.com\/#\/schema\/person\/image\/","url":"https:\/\/secure.gravatar.com\/avatar\/53644e4112de0bedba8dfaa367623e6c?s=96&d=mm&r=g","contentUrl":"https:\/\/secure.gravatar.com\/avatar\/53644e4112de0bedba8dfaa367623e6c?s=96&d=mm&r=g","caption":"Alexandre De Roany"},"url":"https:\/\/www.macarons-recrutement.com\/en\/author\/macaronsadmin\/"}]}},"_links":{"self":[{"href":"https:\/\/www.macarons-recrutement.com\/en\/wp-json\/wp\/v2\/posts\/38031"}],"collection":[{"href":"https:\/\/www.macarons-recrutement.com\/en\/wp-json\/wp\/v2\/posts"}],"about":[{"href":"https:\/\/www.macarons-recrutement.com\/en\/wp-json\/wp\/v2\/types\/post"}],"author":[{"embeddable":true,"href":"https:\/\/www.macarons-recrutement.com\/en\/wp-json\/wp\/v2\/users\/3"}],"replies":[{"embeddable":true,"href":"https:\/\/www.macarons-recrutement.com\/en\/wp-json\/wp\/v2\/comments?post=38031"}],"version-history":[{"count":0,"href":"https:\/\/www.macarons-recrutement.com\/en\/wp-json\/wp\/v2\/posts\/38031\/revisions"}],"wp:featuredmedia":[{"embeddable":true,"href":"https:\/\/www.macarons-recrutement.com\/en\/wp-json\/wp\/v2\/media\/38033"}],"wp:attachment":[{"href":"https:\/\/www.macarons-recrutement.com\/en\/wp-json\/wp\/v2\/media?parent=38031"}],"wp:term":[{"taxonomy":"category","embeddable":true,"href":"https:\/\/www.macarons-recrutement.com\/en\/wp-json\/wp\/v2\/categories?post=38031"},{"taxonomy":"post_tag","embeddable":true,"href":"https:\/\/www.macarons-recrutement.com\/en\/wp-json\/wp\/v2\/tags?post=38031"}],"curies":[{"name":"wp","href":"https:\/\/api.w.org\/{rel}","templated":true}]}}