{"id":2144,"date":"2014-07-01T17:11:58","date_gmt":"2014-07-01T16:11:58","guid":{"rendered":"http:\/\/macarons.intuition-web.com\/?p=2144"},"modified":"2019-06-13T08:35:33","modified_gmt":"2019-06-13T08:35:33","slug":"barometre-deloitte-in-extenso-chute-performances-en-mai-lhotellerie-francaise","status":"publish","type":"post","link":"https:\/\/www.macarons-recrutement.com\/en\/barometre-deloitte-in-extenso-chute-performances-en-mai-lhotellerie-francaise\/","title":{"rendered":"Barom\u00e8tre Deloitte-In Extenso : chute des performances en mai pour l&#8217;h\u00f4tellerie fran\u00e7aise"},"content":{"rendered":"<h1 style=\"color: #000000\"><\/h1>\n<p>&nbsp;<\/p>\n<table style=\"color: #000000\" border=\"0\" width=\"100%\" cellspacing=\"0\" cellpadding=\"0\">\n<tbody>\n<tr>\n<td class=\"Article_Reference\" style=\"font-style: italic;color: #aaaaaa\" valign=\"middle\">mardi 1 juillet 2014 15:56<\/td>\n<td align=\"right\"><\/td>\n<\/tr>\n<\/tbody>\n<\/table>\n<p>&nbsp;<\/p>\n<p>&nbsp;<\/p>\n<p><span class=\"Article_Texte\" style=\"color: #000000\">Apr\u00e8s une timide reprise en avril, l&#8217;activit\u00e9 a \u00e9t\u00e9 p\u00e9nalis\u00e9e par un calendrier particuli\u00e8rement d\u00e9favorable \u00e0 la client\u00e8le d&#8217;affaires. La multiplication des ponts a r\u00e9duit la demande et cette baisse n&#8217;a pas \u00e9t\u00e9 compens\u00e9e par une client\u00e8le de loisirs toujours frileuse.<\/span><br style=\"color: #000000\"><span style=\"color: #000000;font-family: Verdana;font-size: xx-small\"><br \/>\n<\/span><\/p>\n<table border=\"0\">\n<tbody>\n<tr>\n<td><img loading=\"lazy\" decoding=\"async\" src=\"http:\/\/www.lhotellerie-restauration.fr\/journal\/conjoncture\/2014-07\/img\/fast50-deloitte-cp.jpg\" alt=\"\" width=\"450\" height=\"71\" border=\"0\"><\/td>\n<\/tr>\n<\/tbody>\n<\/table>\n<p><span class=\"Article_Texte\" style=\"color: #000000\"><span class=\"Article_Texte\">D&#8217;apr\u00e8s le barom\u00e8tre Deloitte-In Extenso, avril pr\u00e9sentait une l\u00e9g\u00e8re am\u00e9lioration des performances avec, pour la premi\u00e8re fois depuis de nombreux mois,<b>&nbsp;<\/b>une progression de la fr\u00e9quentation des h\u00f4tels. La hausse \u00e9tait modeste mais suffisamment sensible sur<b>&nbsp;<\/b>l&#8217;ensemble du territoire pour soulever quelques espoirs de reprise, bien que le mois de mai s&#8217;annon\u00e7ait compliqu\u00e9.<b>&nbsp;<\/b>Et il s&#8217;est bel et bien achev\u00e9 sur des performances en net retrait sur quasiment l&#8217;ensemble du march\u00e9 h\u00f4telier fran\u00e7ais. Quelques destinations et cat\u00e9gories ont mieux r\u00e9sist\u00e9 que d&#8217;autres &#8211; l&#8217;h\u00f4tellerie marseillaise affiche des augmentations de chiffres d&#8217;affaires h\u00e9bergement sur presque toutes les cat\u00e9gories &#8211; mais il s&#8217;agit d&#8217;une exception.<b><\/b><\/span><\/span><\/p>\n<p><b>Les villes fran\u00e7aises restent des destinations d&#8217;affaires<\/b><\/p>\n<p>C&#8217;est surtout l&#8217;occupation qui a p\u00e9nalis\u00e9 les h\u00f4teliers. La fr\u00e9quentation des \u00e9tablissements est en retrait par rapport \u00e0 l&#8217;ann\u00e9e pass\u00e9e. Selon les destinations, la baisse de la fr\u00e9quentation a pu \u00eatre partiellement compens\u00e9e par une progression des prix moyens mais quand cela n&#8217;a pas \u00e9t\u00e9 possible, les cons\u00e9quences sur le chiffre d&#8217;affaires ont \u00e9t\u00e9 lourdes.<\/p>\n<p>En cause, un calendrier qui a p\u00e9nalis\u00e9 les d\u00e9placements de la client\u00e8le d&#8217;affaires. Contrairement \u00e0 l&#8217;ann\u00e9e pass\u00e9e o\u00f9 quasiment tous les jours f\u00e9ri\u00e9s tombaient un mercredi, cette ann\u00e9e, le mois de mai comptait trois jeudis f\u00e9ri\u00e9s. Une aubaine pour les salari\u00e9s d\u00e9sireux de s&#8217;offrir un week-end prolong\u00e9, mais une catastrophe pour les h\u00f4teliers. La client\u00e8le d&#8217;affaires a \u00e9t\u00e9 peu pr\u00e9sente et n&#8217;a pas \u00e9t\u00e9 compens\u00e9e par la client\u00e8le de loisirs. Dans un contexte \u00e9conomique difficile, cette derni\u00e8re ne s&#8217;est pas d\u00e9plac\u00e9e. \u00c0 de rares exceptions pr\u00e8s, les villes fran\u00e7aises sont encore et surtout des destinations d&#8217;affaires.<\/p>\n<p>Reste \u00e0 savoir s&#8217;il ne s&#8217;agit l\u00e0 que d&#8217;une pause ponctuelle dans un ph\u00e9nom\u00e8ne de fond et qu&#8217;une \u00e9ventuelle reprise ne sera pas p\u00e9nalis\u00e9e par des ph\u00e9nom\u00e8nes sociaux (gr\u00e8ve SNCF, mouvement des intermittents, etc.) avec un impact sur l&#8217;activit\u00e9 h\u00f4teli\u00e8re.<\/p>\n<table style=\"color: #000000\" border=\"0\" width=\"100%\" cellspacing=\"0\" cellpadding=\"0\">\n<tbody>\n<tr>\n<td align=\"right\" width=\"100%\"><\/td>\n<\/tr>\n<\/tbody>\n<\/table>\n<p>&nbsp;<\/p>\n<table style=\"color: #000000\" border=\"0\" cellspacing=\"3\" cellpadding=\"3\">\n<tbody>\n<tr bgcolor=\"#f199a5\">\n<td><span class=\"Article_Titre_Cadre\" style=\"font-weight: bold;color: #7d5556\">Donn\u00e9es mensuelles mai<\/span><\/td>\n<\/tr>\n<tr bgcolor=\"#fbdee2\">\n<td><span class=\"Article_Texte\"><span class=\"Article_Texte\"><br \/>\n<\/span><\/span><\/p>\n<table border=\"1\" cellspacing=\"0\" cellpadding=\"0\">\n<tbody>\n<tr>\n<td><span class=\"Article_Texte\"><b>&nbsp;&nbsp;<b><\/b><\/b><\/span><\/td>\n<td><span class=\"Article_Texte\"><b>&nbsp;Grand luxe&nbsp;<b><\/b><\/b><\/span><\/td>\n<td><span class=\"Article_Texte\"><b>Haut de gamme&nbsp;<b><\/b><\/b><\/span><\/td>\n<td><span class=\"Article_Texte\"><b>Milieu de gamme&nbsp;<b><\/b><\/b><\/span><\/td>\n<td><span class=\"Article_Texte\"><b>\u00c9conomique&nbsp;<b><\/b><\/b><\/span><\/td>\n<td><span class=\"Article_Texte\"><b>Super \u00e9conomique&nbsp;<b><\/b><\/b><\/span><\/td>\n<\/tr>\n<tr>\n<td><span class=\"Article_Texte\"><b>TO 2014&nbsp;<b><\/b><\/b><\/span><\/td>\n<td align=\"center\"><span class=\"Article_Texte\">69,3 %<\/span><\/td>\n<td align=\"center\"><span class=\"Article_Texte\">72,3 %<\/span><\/td>\n<td align=\"center\"><span class=\"Article_Texte\">69,3 %<\/span><\/td>\n<td align=\"center\"><span class=\"Article_Texte\">69,6 %<\/span><\/td>\n<td align=\"center\"><span class=\"Article_Texte\">65,2 %<\/span><\/td>\n<\/tr>\n<tr>\n<td><span class=\"Article_Texte\"><b>Var. \/n-1&nbsp;<b><\/b><\/b><\/span><\/td>\n<td align=\"center\"><span class=\"Article_Texte\">&#8211; 5,1 %<\/span><\/td>\n<td align=\"center\"><span class=\"Article_Texte\">&#8211; 0,6 %<\/span><\/td>\n<td align=\"center\"><span class=\"Article_Texte\">&#8211; 2,1 %<\/span><\/td>\n<td align=\"center\"><span class=\"Article_Texte\">&#8211; 1,3 %<\/span><\/td>\n<td align=\"center\"><span class=\"Article_Texte\">&#8211; 4,3 %<\/span><\/td>\n<\/tr>\n<tr>\n<td><span class=\"Article_Texte\"><b>RMC 2014&nbsp;<b><\/b><\/b><\/span><\/td>\n<td align=\"center\"><span class=\"Article_Texte\">517 \u20ac<\/span><\/td>\n<td align=\"center\"><span class=\"Article_Texte\">207 \u20ac<\/span><\/td>\n<td align=\"center\"><span class=\"Article_Texte\">104 \u20ac<\/span><\/td>\n<td align=\"center\"><span class=\"Article_Texte\">64 \u20ac<\/span><\/td>\n<td align=\"center\"><span class=\"Article_Texte\">40 \u20ac<\/span><\/td>\n<\/tr>\n<tr>\n<td><span class=\"Article_Texte\"><b>Var. \/n-1&nbsp;<b><\/b><\/b><\/span><\/td>\n<td align=\"center\"><span class=\"Article_Texte\">7 %<\/span><\/td>\n<td align=\"center\"><span class=\"Article_Texte\">&#8211; 0,9 %<\/span><\/td>\n<td align=\"center\"><span class=\"Article_Texte\">0,3 %<\/span><\/td>\n<td align=\"center\"><span class=\"Article_Texte\">&#8211; 1,1 %<\/span><\/td>\n<td align=\"center\"><span class=\"Article_Texte\">&#8211; 2,5 %<\/span><\/td>\n<\/tr>\n<tr>\n<td><span class=\"Article_Texte\"><b>RevPAR 2014&nbsp;<b><\/b><\/b><\/span><\/td>\n<td align=\"center\"><span class=\"Article_Texte\">358 \u20ac<\/span><\/td>\n<td align=\"center\"><span class=\"Article_Texte\">150 \u20ac<\/span><\/td>\n<td align=\"center\"><span class=\"Article_Texte\">72 \u20ac<\/span><\/td>\n<td align=\"center\"><span class=\"Article_Texte\">44 \u20ac<\/span><\/td>\n<td align=\"center\"><span class=\"Article_Texte\">26 \u20ac<\/span><\/td>\n<\/tr>\n<tr>\n<td><span class=\"Article_Texte\"><b>Var. \/n-1&nbsp;<b><\/b><\/b><\/span><\/td>\n<td align=\"center\"><span class=\"Article_Texte\">1,5 %<\/span><\/td>\n<td align=\"center\"><span class=\"Article_Texte\">&#8211; 1,5 %<\/span><\/td>\n<td align=\"center\"><span class=\"Article_Texte\">&#8211; 1,8 %<\/span><\/td>\n<td align=\"center\"><span class=\"Article_Texte\">&#8211; 2,3 %<\/span><\/td>\n<td align=\"center\"><span class=\"Article_Texte\">&#8211; 6,7 %<\/span><\/td>\n<\/tr>\n<\/tbody>\n<\/table>\n<p><span class=\"Article_Texte\">TO = taux d&#8217;occupation<\/span><\/p>\n<p>RMC = recette moyenne par chambre lou\u00e9e<\/p>\n<p>RevPAR = revenu moyen par chambre disponible<\/p>\n<p><span class=\"Article_Texte\">&nbsp;<\/span><\/td>\n<\/tr>\n<\/tbody>\n<\/table>\n<p>Avec l&#8217;aimable autorisation du journal de l&#8217;H\u00f4tellerie<\/p>\n","protected":false},"excerpt":{"rendered":"<p>&nbsp; mardi 1 juillet 2014 15:56 &nbsp; &nbsp; Apr\u00e8s une&#8230;<\/p>\n","protected":false},"author":5,"featured_media":0,"comment_status":"open","ping_status":"open","sticky":false,"template":"","format":"standard","meta":{"_exactmetrics_skip_tracking":false,"_exactmetrics_sitenote_active":false,"_exactmetrics_sitenote_note":"","_exactmetrics_sitenote_category":0,"footnotes":""},"categories":[119],"tags":[131,132,133],"class_list":{"0":"post-2144","1":"post","2":"type-post","3":"status-publish","4":"format-standard","6":"category-news","7":"tag-recrutement","8":"tag-recrutement-chef-de-cuisine","9":"tag-statistique-hotellerie"},"yoast_head":"<!-- This site is optimized with the Yoast SEO plugin v24.9 - https:\/\/yoast.com\/wordpress\/plugins\/seo\/ -->\n<title>Barom\u00e8tre Deloitte-In Extenso : chute des performances en mai pour l&#039;h\u00f4tellerie fran\u00e7aise - Macarons Recrutement<\/title>\n<meta name=\"robots\" content=\"index, follow, max-snippet:-1, max-image-preview:large, max-video-preview:-1\" \/>\n<link rel=\"canonical\" href=\"https:\/\/www.macarons-recrutement.com\/en\/barometre-deloitte-in-extenso-chute-performances-en-mai-lhotellerie-francaise\/\" \/>\n<meta property=\"og:locale\" content=\"en_GB\" \/>\n<meta property=\"og:locale:alternate\" content=\"fr_FR\" \/>\n<meta property=\"og:type\" content=\"article\" \/>\n<meta property=\"og:title\" content=\"Barom\u00e8tre Deloitte-In Extenso : chute des performances en mai pour l&#039;h\u00f4tellerie fran\u00e7aise - Macarons Recrutement\" \/>\n<meta property=\"og:description\" content=\"&nbsp; mardi 1 juillet 2014 15:56 &nbsp; &nbsp; Apr\u00e8s une...\" \/>\n<meta property=\"og:url\" content=\"https:\/\/www.macarons-recrutement.com\/en\/barometre-deloitte-in-extenso-chute-performances-en-mai-lhotellerie-francaise\/\" \/>\n<meta property=\"og:site_name\" content=\"Macarons Recrutement\" \/>\n<meta property=\"article:publisher\" content=\"https:\/\/www.facebook.com\/MacaronsRecrutement\/\" \/>\n<meta property=\"article:published_time\" content=\"2014-07-01T16:11:58+00:00\" \/>\n<meta property=\"article:modified_time\" content=\"2019-06-13T08:35:33+00:00\" \/>\n<meta property=\"og:image\" content=\"http:\/\/www.lhotellerie-restauration.fr\/journal\/conjoncture\/2014-07\/img\/fast50-deloitte-cp.jpg\" \/>\n<meta name=\"author\" content=\"ADMIN\" \/>\n<meta name=\"twitter:card\" content=\"summary_large_image\" \/>\n<meta name=\"twitter:label1\" content=\"Written by\" \/>\n\t<meta name=\"twitter:data1\" content=\"ADMIN\" \/>\n\t<meta name=\"twitter:label2\" content=\"Estimated reading time\" \/>\n\t<meta name=\"twitter:data2\" content=\"2 minutes\" \/>\n<script type=\"application\/ld+json\" class=\"yoast-schema-graph\">{\"@context\":\"https:\/\/schema.org\",\"@graph\":[{\"@type\":\"Article\",\"@id\":\"https:\/\/www.macarons-recrutement.com\/barometre-deloitte-in-extenso-chute-performances-en-mai-lhotellerie-francaise\/#article\",\"isPartOf\":{\"@id\":\"https:\/\/www.macarons-recrutement.com\/barometre-deloitte-in-extenso-chute-performances-en-mai-lhotellerie-francaise\/\"},\"author\":{\"name\":\"ADMIN\",\"@id\":\"https:\/\/www.macarons-recrutement.com\/#\/schema\/person\/6cd18bab96b27c5b0f72e620ea724e77\"},\"headline\":\"Barom\u00e8tre Deloitte-In Extenso : chute des performances en mai pour l&#8217;h\u00f4tellerie fran\u00e7aise\",\"datePublished\":\"2014-07-01T16:11:58+00:00\",\"dateModified\":\"2019-06-13T08:35:33+00:00\",\"mainEntityOfPage\":{\"@id\":\"https:\/\/www.macarons-recrutement.com\/barometre-deloitte-in-extenso-chute-performances-en-mai-lhotellerie-francaise\/\"},\"wordCount\":536,\"commentCount\":0,\"publisher\":{\"@id\":\"https:\/\/www.macarons-recrutement.com\/#organization\"},\"image\":{\"@id\":\"https:\/\/www.macarons-recrutement.com\/barometre-deloitte-in-extenso-chute-performances-en-mai-lhotellerie-francaise\/#primaryimage\"},\"thumbnailUrl\":\"http:\/\/www.lhotellerie-restauration.fr\/journal\/conjoncture\/2014-07\/img\/fast50-deloitte-cp.jpg\",\"keywords\":[\"recrutement\",\"recrutement chef de cuisine\",\"statistique h\u00f4tellerie\"],\"articleSection\":[\"News\"],\"inLanguage\":\"en-GB\"},{\"@type\":\"WebPage\",\"@id\":\"https:\/\/www.macarons-recrutement.com\/barometre-deloitte-in-extenso-chute-performances-en-mai-lhotellerie-francaise\/\",\"url\":\"https:\/\/www.macarons-recrutement.com\/barometre-deloitte-in-extenso-chute-performances-en-mai-lhotellerie-francaise\/\",\"name\":\"Barom\u00e8tre Deloitte-In Extenso : chute des performances en mai pour l'h\u00f4tellerie fran\u00e7aise - Macarons Recrutement\",\"isPartOf\":{\"@id\":\"https:\/\/www.macarons-recrutement.com\/#website\"},\"primaryImageOfPage\":{\"@id\":\"https:\/\/www.macarons-recrutement.com\/barometre-deloitte-in-extenso-chute-performances-en-mai-lhotellerie-francaise\/#primaryimage\"},\"image\":{\"@id\":\"https:\/\/www.macarons-recrutement.com\/barometre-deloitte-in-extenso-chute-performances-en-mai-lhotellerie-francaise\/#primaryimage\"},\"thumbnailUrl\":\"http:\/\/www.lhotellerie-restauration.fr\/journal\/conjoncture\/2014-07\/img\/fast50-deloitte-cp.jpg\",\"datePublished\":\"2014-07-01T16:11:58+00:00\",\"dateModified\":\"2019-06-13T08:35:33+00:00\",\"breadcrumb\":{\"@id\":\"https:\/\/www.macarons-recrutement.com\/barometre-deloitte-in-extenso-chute-performances-en-mai-lhotellerie-francaise\/#breadcrumb\"},\"inLanguage\":\"en-GB\",\"potentialAction\":[{\"@type\":\"ReadAction\",\"target\":[\"https:\/\/www.macarons-recrutement.com\/barometre-deloitte-in-extenso-chute-performances-en-mai-lhotellerie-francaise\/\"]}]},{\"@type\":\"ImageObject\",\"inLanguage\":\"en-GB\",\"@id\":\"https:\/\/www.macarons-recrutement.com\/barometre-deloitte-in-extenso-chute-performances-en-mai-lhotellerie-francaise\/#primaryimage\",\"url\":\"http:\/\/www.lhotellerie-restauration.fr\/journal\/conjoncture\/2014-07\/img\/fast50-deloitte-cp.jpg\",\"contentUrl\":\"http:\/\/www.lhotellerie-restauration.fr\/journal\/conjoncture\/2014-07\/img\/fast50-deloitte-cp.jpg\"},{\"@type\":\"BreadcrumbList\",\"@id\":\"https:\/\/www.macarons-recrutement.com\/barometre-deloitte-in-extenso-chute-performances-en-mai-lhotellerie-francaise\/#breadcrumb\",\"itemListElement\":[{\"@type\":\"ListItem\",\"position\":1,\"name\":\"Accueil\",\"item\":\"https:\/\/www.macarons-recrutement.com\/\"},{\"@type\":\"ListItem\",\"position\":2,\"name\":\"Barom\u00e8tre Deloitte-In Extenso : chute des performances en mai pour l&rsquo;h\u00f4tellerie fran\u00e7aise\"}]},{\"@type\":\"WebSite\",\"@id\":\"https:\/\/www.macarons-recrutement.com\/#website\",\"url\":\"https:\/\/www.macarons-recrutement.com\/\",\"name\":\"Macarons Recrutement H\u00f4tels & Restaurants\",\"description\":\"For hoteliers by hoteliers\",\"publisher\":{\"@id\":\"https:\/\/www.macarons-recrutement.com\/#organization\"},\"alternateName\":\"Macarons Recrutement H\u00f4tels & Restaurants\",\"potentialAction\":[{\"@type\":\"SearchAction\",\"target\":{\"@type\":\"EntryPoint\",\"urlTemplate\":\"https:\/\/www.macarons-recrutement.com\/?s={search_term_string}\"},\"query-input\":{\"@type\":\"PropertyValueSpecification\",\"valueRequired\":true,\"valueName\":\"search_term_string\"}}],\"inLanguage\":\"en-GB\"},{\"@type\":\"Organization\",\"@id\":\"https:\/\/www.macarons-recrutement.com\/#organization\",\"name\":\"Macarons Recrutement H\u00f4tels & Restaurants\",\"alternateName\":\"Macarons Recrutement H\u00f4tels & Restaurants\",\"url\":\"https:\/\/www.macarons-recrutement.com\/\",\"logo\":{\"@type\":\"ImageObject\",\"inLanguage\":\"en-GB\",\"@id\":\"https:\/\/www.macarons-recrutement.com\/#\/schema\/logo\/image\/\",\"url\":\"https:\/\/www.macarons-recrutement.com\/wp-content\/uploads\/2019\/06\/logo-MACARON-recruitment-hospitality-industry.jpg\",\"contentUrl\":\"https:\/\/www.macarons-recrutement.com\/wp-content\/uploads\/2019\/06\/logo-MACARON-recruitment-hospitality-industry.jpg\",\"width\":700,\"height\":329,\"caption\":\"Macarons Recrutement H\u00f4tels & Restaurants\"},\"image\":{\"@id\":\"https:\/\/www.macarons-recrutement.com\/#\/schema\/logo\/image\/\"},\"sameAs\":[\"https:\/\/www.facebook.com\/MacaronsRecrutement\/\",\"https:\/\/www.instagram.com\/macaronsrecrutement\/?hl=fr\",\"https:\/\/www.linkedin.com\/company\/macarons-hotels-restaurants-global-experts\/\"]},{\"@type\":\"Person\",\"@id\":\"https:\/\/www.macarons-recrutement.com\/#\/schema\/person\/6cd18bab96b27c5b0f72e620ea724e77\",\"name\":\"ADMIN\",\"image\":{\"@type\":\"ImageObject\",\"inLanguage\":\"en-GB\",\"@id\":\"https:\/\/www.macarons-recrutement.com\/#\/schema\/person\/image\/\",\"url\":\"https:\/\/secure.gravatar.com\/avatar\/5e655ad02f6a0ac842fbc8cb3eb00276?s=96&d=mm&r=g\",\"contentUrl\":\"https:\/\/secure.gravatar.com\/avatar\/5e655ad02f6a0ac842fbc8cb3eb00276?s=96&d=mm&r=g\",\"caption\":\"ADMIN\"},\"url\":\"https:\/\/www.macarons-recrutement.com\/en\/author\/flexadmin\/\"}]}<\/script>\n<!-- \/ Yoast SEO plugin. -->","yoast_head_json":{"title":"Barom\u00e8tre Deloitte-In Extenso : chute des performances en mai pour l'h\u00f4tellerie fran\u00e7aise - Macarons Recrutement","robots":{"index":"index","follow":"follow","max-snippet":"max-snippet:-1","max-image-preview":"max-image-preview:large","max-video-preview":"max-video-preview:-1"},"canonical":"https:\/\/www.macarons-recrutement.com\/en\/barometre-deloitte-in-extenso-chute-performances-en-mai-lhotellerie-francaise\/","og_locale":"en_GB","og_type":"article","og_title":"Barom\u00e8tre Deloitte-In Extenso : chute des performances en mai pour l'h\u00f4tellerie fran\u00e7aise - Macarons Recrutement","og_description":"&nbsp; mardi 1 juillet 2014 15:56 &nbsp; &nbsp; Apr\u00e8s une...","og_url":"https:\/\/www.macarons-recrutement.com\/en\/barometre-deloitte-in-extenso-chute-performances-en-mai-lhotellerie-francaise\/","og_site_name":"Macarons Recrutement","article_publisher":"https:\/\/www.facebook.com\/MacaronsRecrutement\/","article_published_time":"2014-07-01T16:11:58+00:00","article_modified_time":"2019-06-13T08:35:33+00:00","og_image":[{"url":"http:\/\/www.lhotellerie-restauration.fr\/journal\/conjoncture\/2014-07\/img\/fast50-deloitte-cp.jpg","type":"","width":"","height":""}],"author":"ADMIN","twitter_card":"summary_large_image","twitter_misc":{"Written by":"ADMIN","Estimated reading time":"2 minutes"},"schema":{"@context":"https:\/\/schema.org","@graph":[{"@type":"Article","@id":"https:\/\/www.macarons-recrutement.com\/barometre-deloitte-in-extenso-chute-performances-en-mai-lhotellerie-francaise\/#article","isPartOf":{"@id":"https:\/\/www.macarons-recrutement.com\/barometre-deloitte-in-extenso-chute-performances-en-mai-lhotellerie-francaise\/"},"author":{"name":"ADMIN","@id":"https:\/\/www.macarons-recrutement.com\/#\/schema\/person\/6cd18bab96b27c5b0f72e620ea724e77"},"headline":"Barom\u00e8tre Deloitte-In Extenso : chute des performances en mai pour l&#8217;h\u00f4tellerie fran\u00e7aise","datePublished":"2014-07-01T16:11:58+00:00","dateModified":"2019-06-13T08:35:33+00:00","mainEntityOfPage":{"@id":"https:\/\/www.macarons-recrutement.com\/barometre-deloitte-in-extenso-chute-performances-en-mai-lhotellerie-francaise\/"},"wordCount":536,"commentCount":0,"publisher":{"@id":"https:\/\/www.macarons-recrutement.com\/#organization"},"image":{"@id":"https:\/\/www.macarons-recrutement.com\/barometre-deloitte-in-extenso-chute-performances-en-mai-lhotellerie-francaise\/#primaryimage"},"thumbnailUrl":"http:\/\/www.lhotellerie-restauration.fr\/journal\/conjoncture\/2014-07\/img\/fast50-deloitte-cp.jpg","keywords":["recrutement","recrutement chef de cuisine","statistique h\u00f4tellerie"],"articleSection":["News"],"inLanguage":"en-GB"},{"@type":"WebPage","@id":"https:\/\/www.macarons-recrutement.com\/barometre-deloitte-in-extenso-chute-performances-en-mai-lhotellerie-francaise\/","url":"https:\/\/www.macarons-recrutement.com\/barometre-deloitte-in-extenso-chute-performances-en-mai-lhotellerie-francaise\/","name":"Barom\u00e8tre Deloitte-In Extenso : chute des performances en mai pour l'h\u00f4tellerie fran\u00e7aise - Macarons Recrutement","isPartOf":{"@id":"https:\/\/www.macarons-recrutement.com\/#website"},"primaryImageOfPage":{"@id":"https:\/\/www.macarons-recrutement.com\/barometre-deloitte-in-extenso-chute-performances-en-mai-lhotellerie-francaise\/#primaryimage"},"image":{"@id":"https:\/\/www.macarons-recrutement.com\/barometre-deloitte-in-extenso-chute-performances-en-mai-lhotellerie-francaise\/#primaryimage"},"thumbnailUrl":"http:\/\/www.lhotellerie-restauration.fr\/journal\/conjoncture\/2014-07\/img\/fast50-deloitte-cp.jpg","datePublished":"2014-07-01T16:11:58+00:00","dateModified":"2019-06-13T08:35:33+00:00","breadcrumb":{"@id":"https:\/\/www.macarons-recrutement.com\/barometre-deloitte-in-extenso-chute-performances-en-mai-lhotellerie-francaise\/#breadcrumb"},"inLanguage":"en-GB","potentialAction":[{"@type":"ReadAction","target":["https:\/\/www.macarons-recrutement.com\/barometre-deloitte-in-extenso-chute-performances-en-mai-lhotellerie-francaise\/"]}]},{"@type":"ImageObject","inLanguage":"en-GB","@id":"https:\/\/www.macarons-recrutement.com\/barometre-deloitte-in-extenso-chute-performances-en-mai-lhotellerie-francaise\/#primaryimage","url":"http:\/\/www.lhotellerie-restauration.fr\/journal\/conjoncture\/2014-07\/img\/fast50-deloitte-cp.jpg","contentUrl":"http:\/\/www.lhotellerie-restauration.fr\/journal\/conjoncture\/2014-07\/img\/fast50-deloitte-cp.jpg"},{"@type":"BreadcrumbList","@id":"https:\/\/www.macarons-recrutement.com\/barometre-deloitte-in-extenso-chute-performances-en-mai-lhotellerie-francaise\/#breadcrumb","itemListElement":[{"@type":"ListItem","position":1,"name":"Accueil","item":"https:\/\/www.macarons-recrutement.com\/"},{"@type":"ListItem","position":2,"name":"Barom\u00e8tre Deloitte-In Extenso : chute des performances en mai pour l&rsquo;h\u00f4tellerie fran\u00e7aise"}]},{"@type":"WebSite","@id":"https:\/\/www.macarons-recrutement.com\/#website","url":"https:\/\/www.macarons-recrutement.com\/","name":"Macarons Recrutement H\u00f4tels & Restaurants","description":"For hoteliers by hoteliers","publisher":{"@id":"https:\/\/www.macarons-recrutement.com\/#organization"},"alternateName":"Macarons Recrutement H\u00f4tels & Restaurants","potentialAction":[{"@type":"SearchAction","target":{"@type":"EntryPoint","urlTemplate":"https:\/\/www.macarons-recrutement.com\/?s={search_term_string}"},"query-input":{"@type":"PropertyValueSpecification","valueRequired":true,"valueName":"search_term_string"}}],"inLanguage":"en-GB"},{"@type":"Organization","@id":"https:\/\/www.macarons-recrutement.com\/#organization","name":"Macarons Recrutement H\u00f4tels & Restaurants","alternateName":"Macarons Recrutement H\u00f4tels & Restaurants","url":"https:\/\/www.macarons-recrutement.com\/","logo":{"@type":"ImageObject","inLanguage":"en-GB","@id":"https:\/\/www.macarons-recrutement.com\/#\/schema\/logo\/image\/","url":"https:\/\/www.macarons-recrutement.com\/wp-content\/uploads\/2019\/06\/logo-MACARON-recruitment-hospitality-industry.jpg","contentUrl":"https:\/\/www.macarons-recrutement.com\/wp-content\/uploads\/2019\/06\/logo-MACARON-recruitment-hospitality-industry.jpg","width":700,"height":329,"caption":"Macarons Recrutement H\u00f4tels & Restaurants"},"image":{"@id":"https:\/\/www.macarons-recrutement.com\/#\/schema\/logo\/image\/"},"sameAs":["https:\/\/www.facebook.com\/MacaronsRecrutement\/","https:\/\/www.instagram.com\/macaronsrecrutement\/?hl=fr","https:\/\/www.linkedin.com\/company\/macarons-hotels-restaurants-global-experts\/"]},{"@type":"Person","@id":"https:\/\/www.macarons-recrutement.com\/#\/schema\/person\/6cd18bab96b27c5b0f72e620ea724e77","name":"ADMIN","image":{"@type":"ImageObject","inLanguage":"en-GB","@id":"https:\/\/www.macarons-recrutement.com\/#\/schema\/person\/image\/","url":"https:\/\/secure.gravatar.com\/avatar\/5e655ad02f6a0ac842fbc8cb3eb00276?s=96&d=mm&r=g","contentUrl":"https:\/\/secure.gravatar.com\/avatar\/5e655ad02f6a0ac842fbc8cb3eb00276?s=96&d=mm&r=g","caption":"ADMIN"},"url":"https:\/\/www.macarons-recrutement.com\/en\/author\/flexadmin\/"}]}},"_links":{"self":[{"href":"https:\/\/www.macarons-recrutement.com\/en\/wp-json\/wp\/v2\/posts\/2144"}],"collection":[{"href":"https:\/\/www.macarons-recrutement.com\/en\/wp-json\/wp\/v2\/posts"}],"about":[{"href":"https:\/\/www.macarons-recrutement.com\/en\/wp-json\/wp\/v2\/types\/post"}],"author":[{"embeddable":true,"href":"https:\/\/www.macarons-recrutement.com\/en\/wp-json\/wp\/v2\/users\/5"}],"replies":[{"embeddable":true,"href":"https:\/\/www.macarons-recrutement.com\/en\/wp-json\/wp\/v2\/comments?post=2144"}],"version-history":[{"count":0,"href":"https:\/\/www.macarons-recrutement.com\/en\/wp-json\/wp\/v2\/posts\/2144\/revisions"}],"wp:attachment":[{"href":"https:\/\/www.macarons-recrutement.com\/en\/wp-json\/wp\/v2\/media?parent=2144"}],"wp:term":[{"taxonomy":"category","embeddable":true,"href":"https:\/\/www.macarons-recrutement.com\/en\/wp-json\/wp\/v2\/categories?post=2144"},{"taxonomy":"post_tag","embeddable":true,"href":"https:\/\/www.macarons-recrutement.com\/en\/wp-json\/wp\/v2\/tags?post=2144"}],"curies":[{"name":"wp","href":"https:\/\/api.w.org\/{rel}","templated":true}]}}