{"id":1578,"date":"2013-12-10T16:50:50","date_gmt":"2013-12-10T16:50:50","guid":{"rendered":"https:\/\/macarons.tiger-click.com\/?p=1578"},"modified":"2019-06-13T08:37:06","modified_gmt":"2019-06-13T08:37:06","slug":"jerome-tourbier-reelu-a-son-poste-de-director-of-the-board-de-small-luxury-hotels","status":"publish","type":"post","link":"https:\/\/www.macarons-recrutement.com\/en\/jerome-tourbier-reelu-a-son-poste-de-director-of-the-board-de-small-luxury-hotels\/","title":{"rendered":"J\u00e9r\u00f4me Tourbier r\u00e9\u00e9lu \u00e0 son poste de Director of the Board de Small Luxury Hotels"},"content":{"rendered":"<p>&nbsp;<\/p>\n<table border=\"0\">\n<tbody>\n<tr>\n<td><img loading=\"lazy\" decoding=\"async\" alt=\"\" src=\"http:\/\/www.lhotellerie-restauration.fr\/journal\/salon-concours-syndicat-association\/2013-12\/img\/tourbier.jpg\" width=\"200\" height=\"300\" border=\"0\"><\/td>\n<\/tr>\n<\/tbody>\n<\/table>\n<p><strong>J\u00e9r\u00f4me Tourbier<\/strong>, 35 ans, propri\u00e9taire&nbsp;avec son \u00e9pouse&nbsp;<strong>Alice<\/strong>&nbsp;des Sources de Caudalie \u00e0 Martillac (33) et des Etangs de Corot \u00e0 Ville d&#8217;Avray (92) effectuera un second mandat de trois ans en qualit\u00e9 de Director of the Board de la cha\u00eene internationale Small Luxury Hotels.&nbsp;\u00ab<em>Je suis tr\u00e8s honor\u00e9 de ma r\u00e9\u00e9lection au poste de Director of The Board de Small Luxury Hotels et \u00e0 travers elle de la confiance que me t\u00e9moignent ses membres. En tant que repr\u00e9sentant du march\u00e9 fran\u00e7ais, je mets un point d&#8217;honneur \u00e0 valoriser notre art de vivre, que je consid\u00e8re comme la derni\u00e8re exception fran\u00e7aise<\/em>. \u00bb d\u00e9clare J\u00e9r\u00f4me Tourbier.<\/p>\n","protected":false},"excerpt":{"rendered":"<p>&nbsp; J\u00e9r\u00f4me Tourbier, 35 ans, propri\u00e9taire&nbsp;avec son \u00e9pouse&nbsp;Alice&nbsp;des Sources de&#8230;<\/p>\n","protected":false},"author":5,"featured_media":0,"comment_status":"open","ping_status":"open","sticky":false,"template":"","format":"standard","meta":{"_exactmetrics_skip_tracking":false,"_exactmetrics_sitenote_active":false,"_exactmetrics_sitenote_note":"","_exactmetrics_sitenote_category":0,"footnotes":""},"categories":[119],"tags":[129,130],"class_list":{"0":"post-1578","1":"post","2":"type-post","3":"status-publish","4":"format-standard","6":"category-news","7":"tag-jerome-tourbier","8":"tag-placement-hotelier"},"yoast_head":"<!-- This site is optimized with the Yoast SEO plugin v24.9 - https:\/\/yoast.com\/wordpress\/plugins\/seo\/ -->\n<title>J\u00e9r\u00f4me Tourbier r\u00e9\u00e9lu \u00e0 son poste de Director of the Board de Small Luxury Hotels - Macarons Recrutement<\/title>\n<meta name=\"robots\" content=\"index, follow, max-snippet:-1, max-image-preview:large, max-video-preview:-1\" \/>\n<link rel=\"canonical\" href=\"https:\/\/www.macarons-recrutement.com\/en\/jerome-tourbier-reelu-a-son-poste-de-director-of-the-board-de-small-luxury-hotels\/\" \/>\n<meta property=\"og:locale\" content=\"en_GB\" \/>\n<meta property=\"og:locale:alternate\" content=\"fr_FR\" \/>\n<meta property=\"og:type\" content=\"article\" \/>\n<meta property=\"og:title\" content=\"J\u00e9r\u00f4me Tourbier r\u00e9\u00e9lu \u00e0 son poste de Director of the Board de Small Luxury Hotels - Macarons Recrutement\" \/>\n<meta property=\"og:description\" content=\"&nbsp; J\u00e9r\u00f4me Tourbier, 35 ans, propri\u00e9taire&nbsp;avec son \u00e9pouse&nbsp;Alice&nbsp;des Sources de...\" \/>\n<meta property=\"og:url\" content=\"https:\/\/www.macarons-recrutement.com\/en\/jerome-tourbier-reelu-a-son-poste-de-director-of-the-board-de-small-luxury-hotels\/\" \/>\n<meta property=\"og:site_name\" content=\"Macarons Recrutement\" \/>\n<meta property=\"article:publisher\" content=\"https:\/\/www.facebook.com\/MacaronsRecrutement\/\" \/>\n<meta property=\"article:published_time\" content=\"2013-12-10T16:50:50+00:00\" \/>\n<meta property=\"article:modified_time\" content=\"2019-06-13T08:37:06+00:00\" \/>\n<meta property=\"og:image\" content=\"http:\/\/www.lhotellerie-restauration.fr\/journal\/salon-concours-syndicat-association\/2013-12\/img\/tourbier.jpg\" \/>\n<meta name=\"author\" content=\"ADMIN\" \/>\n<meta name=\"twitter:card\" content=\"summary_large_image\" \/>\n<meta name=\"twitter:label1\" content=\"Written by\" \/>\n\t<meta name=\"twitter:data1\" content=\"ADMIN\" \/>\n\t<meta name=\"twitter:label2\" content=\"Estimated reading time\" \/>\n\t<meta name=\"twitter:data2\" content=\"1 minute\" \/>\n<script type=\"application\/ld+json\" class=\"yoast-schema-graph\">{\"@context\":\"https:\/\/schema.org\",\"@graph\":[{\"@type\":\"Article\",\"@id\":\"https:\/\/www.macarons-recrutement.com\/jerome-tourbier-reelu-a-son-poste-de-director-of-the-board-de-small-luxury-hotels\/#article\",\"isPartOf\":{\"@id\":\"https:\/\/www.macarons-recrutement.com\/jerome-tourbier-reelu-a-son-poste-de-director-of-the-board-de-small-luxury-hotels\/\"},\"author\":{\"name\":\"ADMIN\",\"@id\":\"https:\/\/www.macarons-recrutement.com\/#\/schema\/person\/6cd18bab96b27c5b0f72e620ea724e77\"},\"headline\":\"J\u00e9r\u00f4me Tourbier r\u00e9\u00e9lu \u00e0 son poste de Director of the Board de Small Luxury Hotels\",\"datePublished\":\"2013-12-10T16:50:50+00:00\",\"dateModified\":\"2019-06-13T08:37:06+00:00\",\"mainEntityOfPage\":{\"@id\":\"https:\/\/www.macarons-recrutement.com\/jerome-tourbier-reelu-a-son-poste-de-director-of-the-board-de-small-luxury-hotels\/\"},\"wordCount\":137,\"commentCount\":0,\"publisher\":{\"@id\":\"https:\/\/www.macarons-recrutement.com\/#organization\"},\"image\":{\"@id\":\"https:\/\/www.macarons-recrutement.com\/jerome-tourbier-reelu-a-son-poste-de-director-of-the-board-de-small-luxury-hotels\/#primaryimage\"},\"thumbnailUrl\":\"http:\/\/www.lhotellerie-restauration.fr\/journal\/salon-concours-syndicat-association\/2013-12\/img\/tourbier.jpg\",\"keywords\":[\"j\u00e9rome tourbier\",\"placement h\u00f4telier\"],\"articleSection\":[\"News\"],\"inLanguage\":\"en-GB\"},{\"@type\":\"WebPage\",\"@id\":\"https:\/\/www.macarons-recrutement.com\/jerome-tourbier-reelu-a-son-poste-de-director-of-the-board-de-small-luxury-hotels\/\",\"url\":\"https:\/\/www.macarons-recrutement.com\/jerome-tourbier-reelu-a-son-poste-de-director-of-the-board-de-small-luxury-hotels\/\",\"name\":\"J\u00e9r\u00f4me Tourbier r\u00e9\u00e9lu \u00e0 son poste de Director of the Board de Small Luxury Hotels - Macarons Recrutement\",\"isPartOf\":{\"@id\":\"https:\/\/www.macarons-recrutement.com\/#website\"},\"primaryImageOfPage\":{\"@id\":\"https:\/\/www.macarons-recrutement.com\/jerome-tourbier-reelu-a-son-poste-de-director-of-the-board-de-small-luxury-hotels\/#primaryimage\"},\"image\":{\"@id\":\"https:\/\/www.macarons-recrutement.com\/jerome-tourbier-reelu-a-son-poste-de-director-of-the-board-de-small-luxury-hotels\/#primaryimage\"},\"thumbnailUrl\":\"http:\/\/www.lhotellerie-restauration.fr\/journal\/salon-concours-syndicat-association\/2013-12\/img\/tourbier.jpg\",\"datePublished\":\"2013-12-10T16:50:50+00:00\",\"dateModified\":\"2019-06-13T08:37:06+00:00\",\"breadcrumb\":{\"@id\":\"https:\/\/www.macarons-recrutement.com\/jerome-tourbier-reelu-a-son-poste-de-director-of-the-board-de-small-luxury-hotels\/#breadcrumb\"},\"inLanguage\":\"en-GB\",\"potentialAction\":[{\"@type\":\"ReadAction\",\"target\":[\"https:\/\/www.macarons-recrutement.com\/jerome-tourbier-reelu-a-son-poste-de-director-of-the-board-de-small-luxury-hotels\/\"]}]},{\"@type\":\"ImageObject\",\"inLanguage\":\"en-GB\",\"@id\":\"https:\/\/www.macarons-recrutement.com\/jerome-tourbier-reelu-a-son-poste-de-director-of-the-board-de-small-luxury-hotels\/#primaryimage\",\"url\":\"http:\/\/www.lhotellerie-restauration.fr\/journal\/salon-concours-syndicat-association\/2013-12\/img\/tourbier.jpg\",\"contentUrl\":\"http:\/\/www.lhotellerie-restauration.fr\/journal\/salon-concours-syndicat-association\/2013-12\/img\/tourbier.jpg\"},{\"@type\":\"BreadcrumbList\",\"@id\":\"https:\/\/www.macarons-recrutement.com\/jerome-tourbier-reelu-a-son-poste-de-director-of-the-board-de-small-luxury-hotels\/#breadcrumb\",\"itemListElement\":[{\"@type\":\"ListItem\",\"position\":1,\"name\":\"Accueil\",\"item\":\"https:\/\/www.macarons-recrutement.com\/\"},{\"@type\":\"ListItem\",\"position\":2,\"name\":\"J\u00e9r\u00f4me Tourbier r\u00e9\u00e9lu \u00e0 son poste de Director of the Board de Small Luxury Hotels\"}]},{\"@type\":\"WebSite\",\"@id\":\"https:\/\/www.macarons-recrutement.com\/#website\",\"url\":\"https:\/\/www.macarons-recrutement.com\/\",\"name\":\"Macarons Recrutement H\u00f4tels & Restaurants\",\"description\":\"For hoteliers by hoteliers\",\"publisher\":{\"@id\":\"https:\/\/www.macarons-recrutement.com\/#organization\"},\"alternateName\":\"Macarons Recrutement H\u00f4tels & Restaurants\",\"potentialAction\":[{\"@type\":\"SearchAction\",\"target\":{\"@type\":\"EntryPoint\",\"urlTemplate\":\"https:\/\/www.macarons-recrutement.com\/?s={search_term_string}\"},\"query-input\":{\"@type\":\"PropertyValueSpecification\",\"valueRequired\":true,\"valueName\":\"search_term_string\"}}],\"inLanguage\":\"en-GB\"},{\"@type\":\"Organization\",\"@id\":\"https:\/\/www.macarons-recrutement.com\/#organization\",\"name\":\"Macarons Recrutement H\u00f4tels & Restaurants\",\"alternateName\":\"Macarons Recrutement H\u00f4tels & Restaurants\",\"url\":\"https:\/\/www.macarons-recrutement.com\/\",\"logo\":{\"@type\":\"ImageObject\",\"inLanguage\":\"en-GB\",\"@id\":\"https:\/\/www.macarons-recrutement.com\/#\/schema\/logo\/image\/\",\"url\":\"https:\/\/www.macarons-recrutement.com\/wp-content\/uploads\/2019\/06\/logo-MACARON-recruitment-hospitality-industry.jpg\",\"contentUrl\":\"https:\/\/www.macarons-recrutement.com\/wp-content\/uploads\/2019\/06\/logo-MACARON-recruitment-hospitality-industry.jpg\",\"width\":700,\"height\":329,\"caption\":\"Macarons Recrutement H\u00f4tels & Restaurants\"},\"image\":{\"@id\":\"https:\/\/www.macarons-recrutement.com\/#\/schema\/logo\/image\/\"},\"sameAs\":[\"https:\/\/www.facebook.com\/MacaronsRecrutement\/\",\"https:\/\/www.instagram.com\/macaronsrecrutement\/?hl=fr\",\"https:\/\/www.linkedin.com\/company\/macarons-hotels-restaurants-global-experts\/\"]},{\"@type\":\"Person\",\"@id\":\"https:\/\/www.macarons-recrutement.com\/#\/schema\/person\/6cd18bab96b27c5b0f72e620ea724e77\",\"name\":\"ADMIN\",\"image\":{\"@type\":\"ImageObject\",\"inLanguage\":\"en-GB\",\"@id\":\"https:\/\/www.macarons-recrutement.com\/#\/schema\/person\/image\/\",\"url\":\"https:\/\/secure.gravatar.com\/avatar\/5e655ad02f6a0ac842fbc8cb3eb00276?s=96&d=mm&r=g\",\"contentUrl\":\"https:\/\/secure.gravatar.com\/avatar\/5e655ad02f6a0ac842fbc8cb3eb00276?s=96&d=mm&r=g\",\"caption\":\"ADMIN\"},\"url\":\"https:\/\/www.macarons-recrutement.com\/en\/author\/flexadmin\/\"}]}<\/script>\n<!-- \/ Yoast SEO plugin. -->","yoast_head_json":{"title":"J\u00e9r\u00f4me Tourbier r\u00e9\u00e9lu \u00e0 son poste de Director of the Board de Small Luxury Hotels - Macarons Recrutement","robots":{"index":"index","follow":"follow","max-snippet":"max-snippet:-1","max-image-preview":"max-image-preview:large","max-video-preview":"max-video-preview:-1"},"canonical":"https:\/\/www.macarons-recrutement.com\/en\/jerome-tourbier-reelu-a-son-poste-de-director-of-the-board-de-small-luxury-hotels\/","og_locale":"en_GB","og_type":"article","og_title":"J\u00e9r\u00f4me Tourbier r\u00e9\u00e9lu \u00e0 son poste de Director of the Board de Small Luxury Hotels - Macarons Recrutement","og_description":"&nbsp; J\u00e9r\u00f4me Tourbier, 35 ans, propri\u00e9taire&nbsp;avec son \u00e9pouse&nbsp;Alice&nbsp;des Sources de...","og_url":"https:\/\/www.macarons-recrutement.com\/en\/jerome-tourbier-reelu-a-son-poste-de-director-of-the-board-de-small-luxury-hotels\/","og_site_name":"Macarons Recrutement","article_publisher":"https:\/\/www.facebook.com\/MacaronsRecrutement\/","article_published_time":"2013-12-10T16:50:50+00:00","article_modified_time":"2019-06-13T08:37:06+00:00","og_image":[{"url":"http:\/\/www.lhotellerie-restauration.fr\/journal\/salon-concours-syndicat-association\/2013-12\/img\/tourbier.jpg","type":"","width":"","height":""}],"author":"ADMIN","twitter_card":"summary_large_image","twitter_misc":{"Written by":"ADMIN","Estimated reading time":"1 minute"},"schema":{"@context":"https:\/\/schema.org","@graph":[{"@type":"Article","@id":"https:\/\/www.macarons-recrutement.com\/jerome-tourbier-reelu-a-son-poste-de-director-of-the-board-de-small-luxury-hotels\/#article","isPartOf":{"@id":"https:\/\/www.macarons-recrutement.com\/jerome-tourbier-reelu-a-son-poste-de-director-of-the-board-de-small-luxury-hotels\/"},"author":{"name":"ADMIN","@id":"https:\/\/www.macarons-recrutement.com\/#\/schema\/person\/6cd18bab96b27c5b0f72e620ea724e77"},"headline":"J\u00e9r\u00f4me Tourbier r\u00e9\u00e9lu \u00e0 son poste de Director of the Board de Small Luxury Hotels","datePublished":"2013-12-10T16:50:50+00:00","dateModified":"2019-06-13T08:37:06+00:00","mainEntityOfPage":{"@id":"https:\/\/www.macarons-recrutement.com\/jerome-tourbier-reelu-a-son-poste-de-director-of-the-board-de-small-luxury-hotels\/"},"wordCount":137,"commentCount":0,"publisher":{"@id":"https:\/\/www.macarons-recrutement.com\/#organization"},"image":{"@id":"https:\/\/www.macarons-recrutement.com\/jerome-tourbier-reelu-a-son-poste-de-director-of-the-board-de-small-luxury-hotels\/#primaryimage"},"thumbnailUrl":"http:\/\/www.lhotellerie-restauration.fr\/journal\/salon-concours-syndicat-association\/2013-12\/img\/tourbier.jpg","keywords":["j\u00e9rome tourbier","placement h\u00f4telier"],"articleSection":["News"],"inLanguage":"en-GB"},{"@type":"WebPage","@id":"https:\/\/www.macarons-recrutement.com\/jerome-tourbier-reelu-a-son-poste-de-director-of-the-board-de-small-luxury-hotels\/","url":"https:\/\/www.macarons-recrutement.com\/jerome-tourbier-reelu-a-son-poste-de-director-of-the-board-de-small-luxury-hotels\/","name":"J\u00e9r\u00f4me Tourbier r\u00e9\u00e9lu \u00e0 son poste de Director of the Board de Small Luxury Hotels - Macarons Recrutement","isPartOf":{"@id":"https:\/\/www.macarons-recrutement.com\/#website"},"primaryImageOfPage":{"@id":"https:\/\/www.macarons-recrutement.com\/jerome-tourbier-reelu-a-son-poste-de-director-of-the-board-de-small-luxury-hotels\/#primaryimage"},"image":{"@id":"https:\/\/www.macarons-recrutement.com\/jerome-tourbier-reelu-a-son-poste-de-director-of-the-board-de-small-luxury-hotels\/#primaryimage"},"thumbnailUrl":"http:\/\/www.lhotellerie-restauration.fr\/journal\/salon-concours-syndicat-association\/2013-12\/img\/tourbier.jpg","datePublished":"2013-12-10T16:50:50+00:00","dateModified":"2019-06-13T08:37:06+00:00","breadcrumb":{"@id":"https:\/\/www.macarons-recrutement.com\/jerome-tourbier-reelu-a-son-poste-de-director-of-the-board-de-small-luxury-hotels\/#breadcrumb"},"inLanguage":"en-GB","potentialAction":[{"@type":"ReadAction","target":["https:\/\/www.macarons-recrutement.com\/jerome-tourbier-reelu-a-son-poste-de-director-of-the-board-de-small-luxury-hotels\/"]}]},{"@type":"ImageObject","inLanguage":"en-GB","@id":"https:\/\/www.macarons-recrutement.com\/jerome-tourbier-reelu-a-son-poste-de-director-of-the-board-de-small-luxury-hotels\/#primaryimage","url":"http:\/\/www.lhotellerie-restauration.fr\/journal\/salon-concours-syndicat-association\/2013-12\/img\/tourbier.jpg","contentUrl":"http:\/\/www.lhotellerie-restauration.fr\/journal\/salon-concours-syndicat-association\/2013-12\/img\/tourbier.jpg"},{"@type":"BreadcrumbList","@id":"https:\/\/www.macarons-recrutement.com\/jerome-tourbier-reelu-a-son-poste-de-director-of-the-board-de-small-luxury-hotels\/#breadcrumb","itemListElement":[{"@type":"ListItem","position":1,"name":"Accueil","item":"https:\/\/www.macarons-recrutement.com\/"},{"@type":"ListItem","position":2,"name":"J\u00e9r\u00f4me Tourbier r\u00e9\u00e9lu \u00e0 son poste de Director of the Board de Small Luxury Hotels"}]},{"@type":"WebSite","@id":"https:\/\/www.macarons-recrutement.com\/#website","url":"https:\/\/www.macarons-recrutement.com\/","name":"Macarons Recrutement H\u00f4tels & Restaurants","description":"For hoteliers by hoteliers","publisher":{"@id":"https:\/\/www.macarons-recrutement.com\/#organization"},"alternateName":"Macarons Recrutement H\u00f4tels & Restaurants","potentialAction":[{"@type":"SearchAction","target":{"@type":"EntryPoint","urlTemplate":"https:\/\/www.macarons-recrutement.com\/?s={search_term_string}"},"query-input":{"@type":"PropertyValueSpecification","valueRequired":true,"valueName":"search_term_string"}}],"inLanguage":"en-GB"},{"@type":"Organization","@id":"https:\/\/www.macarons-recrutement.com\/#organization","name":"Macarons Recrutement H\u00f4tels & Restaurants","alternateName":"Macarons Recrutement H\u00f4tels & Restaurants","url":"https:\/\/www.macarons-recrutement.com\/","logo":{"@type":"ImageObject","inLanguage":"en-GB","@id":"https:\/\/www.macarons-recrutement.com\/#\/schema\/logo\/image\/","url":"https:\/\/www.macarons-recrutement.com\/wp-content\/uploads\/2019\/06\/logo-MACARON-recruitment-hospitality-industry.jpg","contentUrl":"https:\/\/www.macarons-recrutement.com\/wp-content\/uploads\/2019\/06\/logo-MACARON-recruitment-hospitality-industry.jpg","width":700,"height":329,"caption":"Macarons Recrutement H\u00f4tels & Restaurants"},"image":{"@id":"https:\/\/www.macarons-recrutement.com\/#\/schema\/logo\/image\/"},"sameAs":["https:\/\/www.facebook.com\/MacaronsRecrutement\/","https:\/\/www.instagram.com\/macaronsrecrutement\/?hl=fr","https:\/\/www.linkedin.com\/company\/macarons-hotels-restaurants-global-experts\/"]},{"@type":"Person","@id":"https:\/\/www.macarons-recrutement.com\/#\/schema\/person\/6cd18bab96b27c5b0f72e620ea724e77","name":"ADMIN","image":{"@type":"ImageObject","inLanguage":"en-GB","@id":"https:\/\/www.macarons-recrutement.com\/#\/schema\/person\/image\/","url":"https:\/\/secure.gravatar.com\/avatar\/5e655ad02f6a0ac842fbc8cb3eb00276?s=96&d=mm&r=g","contentUrl":"https:\/\/secure.gravatar.com\/avatar\/5e655ad02f6a0ac842fbc8cb3eb00276?s=96&d=mm&r=g","caption":"ADMIN"},"url":"https:\/\/www.macarons-recrutement.com\/en\/author\/flexadmin\/"}]}},"_links":{"self":[{"href":"https:\/\/www.macarons-recrutement.com\/en\/wp-json\/wp\/v2\/posts\/1578"}],"collection":[{"href":"https:\/\/www.macarons-recrutement.com\/en\/wp-json\/wp\/v2\/posts"}],"about":[{"href":"https:\/\/www.macarons-recrutement.com\/en\/wp-json\/wp\/v2\/types\/post"}],"author":[{"embeddable":true,"href":"https:\/\/www.macarons-recrutement.com\/en\/wp-json\/wp\/v2\/users\/5"}],"replies":[{"embeddable":true,"href":"https:\/\/www.macarons-recrutement.com\/en\/wp-json\/wp\/v2\/comments?post=1578"}],"version-history":[{"count":0,"href":"https:\/\/www.macarons-recrutement.com\/en\/wp-json\/wp\/v2\/posts\/1578\/revisions"}],"wp:attachment":[{"href":"https:\/\/www.macarons-recrutement.com\/en\/wp-json\/wp\/v2\/media?parent=1578"}],"wp:term":[{"taxonomy":"category","embeddable":true,"href":"https:\/\/www.macarons-recrutement.com\/en\/wp-json\/wp\/v2\/categories?post=1578"},{"taxonomy":"post_tag","embeddable":true,"href":"https:\/\/www.macarons-recrutement.com\/en\/wp-json\/wp\/v2\/tags?post=1578"}],"curies":[{"name":"wp","href":"https:\/\/api.w.org\/{rel}","templated":true}]}}