{"id":1529,"date":"2013-11-28T16:48:51","date_gmt":"2013-11-28T16:48:51","guid":{"rendered":"https:\/\/macarons.tiger-click.com\/?p=1529"},"modified":"2019-06-13T08:38:49","modified_gmt":"2019-06-13T08:38:49","slug":"nouvelle-recompense-pour-didier-le-calvez","status":"publish","type":"post","link":"https:\/\/www.macarons-recrutement.com\/en\/nouvelle-recompense-pour-didier-le-calvez\/","title":{"rendered":"Nouvelle r\u00e9compense pour Didier Le Calvez"},"content":{"rendered":"<h1><\/h1>\n<table border=\"0\">\n<tbody>\n<tr>\n<td><img loading=\"lazy\" decoding=\"async\" alt=\"\" src=\"http:\/\/www.lhotellerie-restauration.fr\/journal\/hotellerie\/2013-11\/img\/lecalvez.jpg\" width=\"262\" height=\"300\" border=\"0\"><\/td>\n<\/tr>\n<tr>\n<td>Didier Le Calvez.<\/td>\n<\/tr>\n<\/tbody>\n<\/table>\n<p><b>Didier Le Calvez<\/b>, pr\u00e9sident directeur g\u00e9n\u00e9ral du Bristol Paris, vient d&#8217;\u00eatre intronis\u00e9 par The International Food &amp; Beverage Forum Hall of Fame dans la cat\u00e9gorie h\u00f4teli\u00e8re.&nbsp;\u00ab&nbsp;<i>Recevoir une telle reconnaissance de mes pairs est un r\u00e9el honneur. Cette r\u00e9compense ne se re\u00e7oit qu&#8217;une fois dans sa vie et je la partage avec toutes les \u00e9quipes avec lesquelles j&#8217;ai eu le plaisir de travailler dont le groupe Westin, le Regent \u00e0 Singapour, le Pierre \u00e0 New York, le George V \u00e0 Paris, le Bristol Pari<\/i>s.\u00bb d\u00e9clare Didier Le Calvez. The International Food &amp; Beverage Forum Hall of Fame est une association \u00e0 but non lucratif qui honore les professionnels ayant influenc\u00e9 la sc\u00e8ne internationale de la restauration dans le monde \u00e0 travers leur travail, leurs efforts et leurs innovations.<\/p>\n<table width=\"100%\" border=\"0\" cellspacing=\"0\" cellpadding=\"0\">\n<tbody>\n<tr>\n<td align=\"right\" width=\"100%\"><\/td>\n<\/tr>\n<\/tbody>\n<\/table>\n","protected":false},"excerpt":{"rendered":"<p>Didier Le Calvez. Didier Le Calvez, pr\u00e9sident directeur g\u00e9n\u00e9ral du&#8230;<\/p>\n","protected":false},"author":5,"featured_media":0,"comment_status":"open","ping_status":"open","sticky":false,"template":"","format":"standard","meta":{"_exactmetrics_skip_tracking":false,"_exactmetrics_sitenote_active":false,"_exactmetrics_sitenote_note":"","_exactmetrics_sitenote_category":0,"footnotes":""},"categories":[119],"tags":[],"class_list":{"0":"post-1529","1":"post","2":"type-post","3":"status-publish","4":"format-standard","6":"category-news"},"yoast_head":"<!-- This site is optimized with the Yoast SEO plugin v24.9 - https:\/\/yoast.com\/wordpress\/plugins\/seo\/ -->\n<title>Nouvelle r\u00e9compense pour Didier Le Calvez - Macarons Recrutement<\/title>\n<meta name=\"robots\" content=\"index, follow, max-snippet:-1, max-image-preview:large, max-video-preview:-1\" \/>\n<link rel=\"canonical\" href=\"https:\/\/www.macarons-recrutement.com\/en\/nouvelle-recompense-pour-didier-le-calvez\/\" \/>\n<meta property=\"og:locale\" content=\"en_GB\" \/>\n<meta property=\"og:locale:alternate\" content=\"fr_FR\" \/>\n<meta property=\"og:type\" content=\"article\" \/>\n<meta property=\"og:title\" content=\"Nouvelle r\u00e9compense pour Didier Le Calvez - Macarons Recrutement\" \/>\n<meta property=\"og:description\" content=\"Didier Le Calvez. Didier Le Calvez, pr\u00e9sident directeur g\u00e9n\u00e9ral du...\" \/>\n<meta property=\"og:url\" content=\"https:\/\/www.macarons-recrutement.com\/en\/nouvelle-recompense-pour-didier-le-calvez\/\" \/>\n<meta property=\"og:site_name\" content=\"Macarons Recrutement\" \/>\n<meta property=\"article:publisher\" content=\"https:\/\/www.facebook.com\/MacaronsRecrutement\/\" \/>\n<meta property=\"article:published_time\" content=\"2013-11-28T16:48:51+00:00\" \/>\n<meta property=\"article:modified_time\" content=\"2019-06-13T08:38:49+00:00\" \/>\n<meta property=\"og:image\" content=\"http:\/\/www.lhotellerie-restauration.fr\/journal\/hotellerie\/2013-11\/img\/lecalvez.jpg\" \/>\n<meta name=\"author\" content=\"ADMIN\" \/>\n<meta name=\"twitter:card\" content=\"summary_large_image\" \/>\n<meta name=\"twitter:label1\" content=\"Written by\" \/>\n\t<meta name=\"twitter:data1\" content=\"ADMIN\" \/>\n\t<meta name=\"twitter:label2\" content=\"Estimated reading time\" \/>\n\t<meta name=\"twitter:data2\" content=\"1 minute\" \/>\n<script type=\"application\/ld+json\" class=\"yoast-schema-graph\">{\"@context\":\"https:\/\/schema.org\",\"@graph\":[{\"@type\":\"Article\",\"@id\":\"https:\/\/www.macarons-recrutement.com\/nouvelle-recompense-pour-didier-le-calvez\/#article\",\"isPartOf\":{\"@id\":\"https:\/\/www.macarons-recrutement.com\/nouvelle-recompense-pour-didier-le-calvez\/\"},\"author\":{\"name\":\"ADMIN\",\"@id\":\"https:\/\/www.macarons-recrutement.com\/#\/schema\/person\/6cd18bab96b27c5b0f72e620ea724e77\"},\"headline\":\"Nouvelle r\u00e9compense pour Didier Le Calvez\",\"datePublished\":\"2013-11-28T16:48:51+00:00\",\"dateModified\":\"2019-06-13T08:38:49+00:00\",\"mainEntityOfPage\":{\"@id\":\"https:\/\/www.macarons-recrutement.com\/nouvelle-recompense-pour-didier-le-calvez\/\"},\"wordCount\":149,\"commentCount\":0,\"publisher\":{\"@id\":\"https:\/\/www.macarons-recrutement.com\/#organization\"},\"image\":{\"@id\":\"https:\/\/www.macarons-recrutement.com\/nouvelle-recompense-pour-didier-le-calvez\/#primaryimage\"},\"thumbnailUrl\":\"http:\/\/www.lhotellerie-restauration.fr\/journal\/hotellerie\/2013-11\/img\/lecalvez.jpg\",\"articleSection\":[\"News\"],\"inLanguage\":\"en-GB\"},{\"@type\":\"WebPage\",\"@id\":\"https:\/\/www.macarons-recrutement.com\/nouvelle-recompense-pour-didier-le-calvez\/\",\"url\":\"https:\/\/www.macarons-recrutement.com\/nouvelle-recompense-pour-didier-le-calvez\/\",\"name\":\"Nouvelle r\u00e9compense pour Didier Le Calvez - Macarons Recrutement\",\"isPartOf\":{\"@id\":\"https:\/\/www.macarons-recrutement.com\/#website\"},\"primaryImageOfPage\":{\"@id\":\"https:\/\/www.macarons-recrutement.com\/nouvelle-recompense-pour-didier-le-calvez\/#primaryimage\"},\"image\":{\"@id\":\"https:\/\/www.macarons-recrutement.com\/nouvelle-recompense-pour-didier-le-calvez\/#primaryimage\"},\"thumbnailUrl\":\"http:\/\/www.lhotellerie-restauration.fr\/journal\/hotellerie\/2013-11\/img\/lecalvez.jpg\",\"datePublished\":\"2013-11-28T16:48:51+00:00\",\"dateModified\":\"2019-06-13T08:38:49+00:00\",\"breadcrumb\":{\"@id\":\"https:\/\/www.macarons-recrutement.com\/nouvelle-recompense-pour-didier-le-calvez\/#breadcrumb\"},\"inLanguage\":\"en-GB\",\"potentialAction\":[{\"@type\":\"ReadAction\",\"target\":[\"https:\/\/www.macarons-recrutement.com\/nouvelle-recompense-pour-didier-le-calvez\/\"]}]},{\"@type\":\"ImageObject\",\"inLanguage\":\"en-GB\",\"@id\":\"https:\/\/www.macarons-recrutement.com\/nouvelle-recompense-pour-didier-le-calvez\/#primaryimage\",\"url\":\"http:\/\/www.lhotellerie-restauration.fr\/journal\/hotellerie\/2013-11\/img\/lecalvez.jpg\",\"contentUrl\":\"http:\/\/www.lhotellerie-restauration.fr\/journal\/hotellerie\/2013-11\/img\/lecalvez.jpg\"},{\"@type\":\"BreadcrumbList\",\"@id\":\"https:\/\/www.macarons-recrutement.com\/nouvelle-recompense-pour-didier-le-calvez\/#breadcrumb\",\"itemListElement\":[{\"@type\":\"ListItem\",\"position\":1,\"name\":\"Accueil\",\"item\":\"https:\/\/www.macarons-recrutement.com\/\"},{\"@type\":\"ListItem\",\"position\":2,\"name\":\"Nouvelle r\u00e9compense pour Didier Le Calvez\"}]},{\"@type\":\"WebSite\",\"@id\":\"https:\/\/www.macarons-recrutement.com\/#website\",\"url\":\"https:\/\/www.macarons-recrutement.com\/\",\"name\":\"Macarons Recrutement H\u00f4tels & Restaurants\",\"description\":\"For hoteliers by hoteliers\",\"publisher\":{\"@id\":\"https:\/\/www.macarons-recrutement.com\/#organization\"},\"alternateName\":\"Macarons Recrutement H\u00f4tels & Restaurants\",\"potentialAction\":[{\"@type\":\"SearchAction\",\"target\":{\"@type\":\"EntryPoint\",\"urlTemplate\":\"https:\/\/www.macarons-recrutement.com\/?s={search_term_string}\"},\"query-input\":{\"@type\":\"PropertyValueSpecification\",\"valueRequired\":true,\"valueName\":\"search_term_string\"}}],\"inLanguage\":\"en-GB\"},{\"@type\":\"Organization\",\"@id\":\"https:\/\/www.macarons-recrutement.com\/#organization\",\"name\":\"Macarons Recrutement H\u00f4tels & Restaurants\",\"alternateName\":\"Macarons Recrutement H\u00f4tels & Restaurants\",\"url\":\"https:\/\/www.macarons-recrutement.com\/\",\"logo\":{\"@type\":\"ImageObject\",\"inLanguage\":\"en-GB\",\"@id\":\"https:\/\/www.macarons-recrutement.com\/#\/schema\/logo\/image\/\",\"url\":\"https:\/\/www.macarons-recrutement.com\/wp-content\/uploads\/2019\/06\/logo-MACARON-recruitment-hospitality-industry.jpg\",\"contentUrl\":\"https:\/\/www.macarons-recrutement.com\/wp-content\/uploads\/2019\/06\/logo-MACARON-recruitment-hospitality-industry.jpg\",\"width\":700,\"height\":329,\"caption\":\"Macarons Recrutement H\u00f4tels & Restaurants\"},\"image\":{\"@id\":\"https:\/\/www.macarons-recrutement.com\/#\/schema\/logo\/image\/\"},\"sameAs\":[\"https:\/\/www.facebook.com\/MacaronsRecrutement\/\",\"https:\/\/www.instagram.com\/macaronsrecrutement\/?hl=fr\",\"https:\/\/www.linkedin.com\/company\/macarons-hotels-restaurants-global-experts\/\"]},{\"@type\":\"Person\",\"@id\":\"https:\/\/www.macarons-recrutement.com\/#\/schema\/person\/6cd18bab96b27c5b0f72e620ea724e77\",\"name\":\"ADMIN\",\"image\":{\"@type\":\"ImageObject\",\"inLanguage\":\"en-GB\",\"@id\":\"https:\/\/www.macarons-recrutement.com\/#\/schema\/person\/image\/\",\"url\":\"https:\/\/secure.gravatar.com\/avatar\/5e655ad02f6a0ac842fbc8cb3eb00276?s=96&d=mm&r=g\",\"contentUrl\":\"https:\/\/secure.gravatar.com\/avatar\/5e655ad02f6a0ac842fbc8cb3eb00276?s=96&d=mm&r=g\",\"caption\":\"ADMIN\"},\"url\":\"https:\/\/www.macarons-recrutement.com\/en\/author\/flexadmin\/\"}]}<\/script>\n<!-- \/ Yoast SEO plugin. -->","yoast_head_json":{"title":"Nouvelle r\u00e9compense pour Didier Le Calvez - Macarons Recrutement","robots":{"index":"index","follow":"follow","max-snippet":"max-snippet:-1","max-image-preview":"max-image-preview:large","max-video-preview":"max-video-preview:-1"},"canonical":"https:\/\/www.macarons-recrutement.com\/en\/nouvelle-recompense-pour-didier-le-calvez\/","og_locale":"en_GB","og_type":"article","og_title":"Nouvelle r\u00e9compense pour Didier Le Calvez - Macarons Recrutement","og_description":"Didier Le Calvez. Didier Le Calvez, pr\u00e9sident directeur g\u00e9n\u00e9ral du...","og_url":"https:\/\/www.macarons-recrutement.com\/en\/nouvelle-recompense-pour-didier-le-calvez\/","og_site_name":"Macarons Recrutement","article_publisher":"https:\/\/www.facebook.com\/MacaronsRecrutement\/","article_published_time":"2013-11-28T16:48:51+00:00","article_modified_time":"2019-06-13T08:38:49+00:00","og_image":[{"url":"http:\/\/www.lhotellerie-restauration.fr\/journal\/hotellerie\/2013-11\/img\/lecalvez.jpg","type":"","width":"","height":""}],"author":"ADMIN","twitter_card":"summary_large_image","twitter_misc":{"Written by":"ADMIN","Estimated reading time":"1 minute"},"schema":{"@context":"https:\/\/schema.org","@graph":[{"@type":"Article","@id":"https:\/\/www.macarons-recrutement.com\/nouvelle-recompense-pour-didier-le-calvez\/#article","isPartOf":{"@id":"https:\/\/www.macarons-recrutement.com\/nouvelle-recompense-pour-didier-le-calvez\/"},"author":{"name":"ADMIN","@id":"https:\/\/www.macarons-recrutement.com\/#\/schema\/person\/6cd18bab96b27c5b0f72e620ea724e77"},"headline":"Nouvelle r\u00e9compense pour Didier Le Calvez","datePublished":"2013-11-28T16:48:51+00:00","dateModified":"2019-06-13T08:38:49+00:00","mainEntityOfPage":{"@id":"https:\/\/www.macarons-recrutement.com\/nouvelle-recompense-pour-didier-le-calvez\/"},"wordCount":149,"commentCount":0,"publisher":{"@id":"https:\/\/www.macarons-recrutement.com\/#organization"},"image":{"@id":"https:\/\/www.macarons-recrutement.com\/nouvelle-recompense-pour-didier-le-calvez\/#primaryimage"},"thumbnailUrl":"http:\/\/www.lhotellerie-restauration.fr\/journal\/hotellerie\/2013-11\/img\/lecalvez.jpg","articleSection":["News"],"inLanguage":"en-GB"},{"@type":"WebPage","@id":"https:\/\/www.macarons-recrutement.com\/nouvelle-recompense-pour-didier-le-calvez\/","url":"https:\/\/www.macarons-recrutement.com\/nouvelle-recompense-pour-didier-le-calvez\/","name":"Nouvelle r\u00e9compense pour Didier Le Calvez - Macarons Recrutement","isPartOf":{"@id":"https:\/\/www.macarons-recrutement.com\/#website"},"primaryImageOfPage":{"@id":"https:\/\/www.macarons-recrutement.com\/nouvelle-recompense-pour-didier-le-calvez\/#primaryimage"},"image":{"@id":"https:\/\/www.macarons-recrutement.com\/nouvelle-recompense-pour-didier-le-calvez\/#primaryimage"},"thumbnailUrl":"http:\/\/www.lhotellerie-restauration.fr\/journal\/hotellerie\/2013-11\/img\/lecalvez.jpg","datePublished":"2013-11-28T16:48:51+00:00","dateModified":"2019-06-13T08:38:49+00:00","breadcrumb":{"@id":"https:\/\/www.macarons-recrutement.com\/nouvelle-recompense-pour-didier-le-calvez\/#breadcrumb"},"inLanguage":"en-GB","potentialAction":[{"@type":"ReadAction","target":["https:\/\/www.macarons-recrutement.com\/nouvelle-recompense-pour-didier-le-calvez\/"]}]},{"@type":"ImageObject","inLanguage":"en-GB","@id":"https:\/\/www.macarons-recrutement.com\/nouvelle-recompense-pour-didier-le-calvez\/#primaryimage","url":"http:\/\/www.lhotellerie-restauration.fr\/journal\/hotellerie\/2013-11\/img\/lecalvez.jpg","contentUrl":"http:\/\/www.lhotellerie-restauration.fr\/journal\/hotellerie\/2013-11\/img\/lecalvez.jpg"},{"@type":"BreadcrumbList","@id":"https:\/\/www.macarons-recrutement.com\/nouvelle-recompense-pour-didier-le-calvez\/#breadcrumb","itemListElement":[{"@type":"ListItem","position":1,"name":"Accueil","item":"https:\/\/www.macarons-recrutement.com\/"},{"@type":"ListItem","position":2,"name":"Nouvelle r\u00e9compense pour Didier Le Calvez"}]},{"@type":"WebSite","@id":"https:\/\/www.macarons-recrutement.com\/#website","url":"https:\/\/www.macarons-recrutement.com\/","name":"Macarons Recrutement H\u00f4tels & Restaurants","description":"For hoteliers by hoteliers","publisher":{"@id":"https:\/\/www.macarons-recrutement.com\/#organization"},"alternateName":"Macarons Recrutement H\u00f4tels & Restaurants","potentialAction":[{"@type":"SearchAction","target":{"@type":"EntryPoint","urlTemplate":"https:\/\/www.macarons-recrutement.com\/?s={search_term_string}"},"query-input":{"@type":"PropertyValueSpecification","valueRequired":true,"valueName":"search_term_string"}}],"inLanguage":"en-GB"},{"@type":"Organization","@id":"https:\/\/www.macarons-recrutement.com\/#organization","name":"Macarons Recrutement H\u00f4tels & Restaurants","alternateName":"Macarons Recrutement H\u00f4tels & Restaurants","url":"https:\/\/www.macarons-recrutement.com\/","logo":{"@type":"ImageObject","inLanguage":"en-GB","@id":"https:\/\/www.macarons-recrutement.com\/#\/schema\/logo\/image\/","url":"https:\/\/www.macarons-recrutement.com\/wp-content\/uploads\/2019\/06\/logo-MACARON-recruitment-hospitality-industry.jpg","contentUrl":"https:\/\/www.macarons-recrutement.com\/wp-content\/uploads\/2019\/06\/logo-MACARON-recruitment-hospitality-industry.jpg","width":700,"height":329,"caption":"Macarons Recrutement H\u00f4tels & Restaurants"},"image":{"@id":"https:\/\/www.macarons-recrutement.com\/#\/schema\/logo\/image\/"},"sameAs":["https:\/\/www.facebook.com\/MacaronsRecrutement\/","https:\/\/www.instagram.com\/macaronsrecrutement\/?hl=fr","https:\/\/www.linkedin.com\/company\/macarons-hotels-restaurants-global-experts\/"]},{"@type":"Person","@id":"https:\/\/www.macarons-recrutement.com\/#\/schema\/person\/6cd18bab96b27c5b0f72e620ea724e77","name":"ADMIN","image":{"@type":"ImageObject","inLanguage":"en-GB","@id":"https:\/\/www.macarons-recrutement.com\/#\/schema\/person\/image\/","url":"https:\/\/secure.gravatar.com\/avatar\/5e655ad02f6a0ac842fbc8cb3eb00276?s=96&d=mm&r=g","contentUrl":"https:\/\/secure.gravatar.com\/avatar\/5e655ad02f6a0ac842fbc8cb3eb00276?s=96&d=mm&r=g","caption":"ADMIN"},"url":"https:\/\/www.macarons-recrutement.com\/en\/author\/flexadmin\/"}]}},"_links":{"self":[{"href":"https:\/\/www.macarons-recrutement.com\/en\/wp-json\/wp\/v2\/posts\/1529"}],"collection":[{"href":"https:\/\/www.macarons-recrutement.com\/en\/wp-json\/wp\/v2\/posts"}],"about":[{"href":"https:\/\/www.macarons-recrutement.com\/en\/wp-json\/wp\/v2\/types\/post"}],"author":[{"embeddable":true,"href":"https:\/\/www.macarons-recrutement.com\/en\/wp-json\/wp\/v2\/users\/5"}],"replies":[{"embeddable":true,"href":"https:\/\/www.macarons-recrutement.com\/en\/wp-json\/wp\/v2\/comments?post=1529"}],"version-history":[{"count":0,"href":"https:\/\/www.macarons-recrutement.com\/en\/wp-json\/wp\/v2\/posts\/1529\/revisions"}],"wp:attachment":[{"href":"https:\/\/www.macarons-recrutement.com\/en\/wp-json\/wp\/v2\/media?parent=1529"}],"wp:term":[{"taxonomy":"category","embeddable":true,"href":"https:\/\/www.macarons-recrutement.com\/en\/wp-json\/wp\/v2\/categories?post=1529"},{"taxonomy":"post_tag","embeddable":true,"href":"https:\/\/www.macarons-recrutement.com\/en\/wp-json\/wp\/v2\/tags?post=1529"}],"curies":[{"name":"wp","href":"https:\/\/api.w.org\/{rel}","templated":true}]}}