{"id":1184,"date":"2013-08-05T13:50:13","date_gmt":"2013-08-05T13:50:13","guid":{"rendered":"https:\/\/macarons.tiger-click.com\/?p=1184"},"modified":"2019-06-13T08:39:06","modified_gmt":"2019-06-13T08:39:06","slug":"restauration-chute-historique-dactivite-en-juillet-selon-le-monde-fr-avec-afp-05-08-201","status":"publish","type":"post","link":"https:\/\/www.macarons-recrutement.com\/en\/restauration-chute-historique-dactivite-en-juillet-selon-le-monde-fr-avec-afp-05-08-201\/","title":{"rendered":"Restauration : chute &#8220;historique&#8221; d&#8217;activit\u00e9 en juillet selon Le Monde.fr avec AFP | 05.08.201"},"content":{"rendered":"<h1><\/h1>\n<div id=\"articleBody\">\n<h2>La restauration commerciale a connu une&nbsp;<em>&#8220;chute historique&#8221;<\/em>&nbsp;d&#8217;activit\u00e9 en juillet en France, apr\u00e8s un premier semestre d\u00e9j\u00e0 mauvais, s&#8217;alarme, lundi 5 ao\u00fbt, le Syndicat national de la restauration th\u00e9matique et commerciale (SNRTC), qui s&#8217;inqui\u00e8te des cons\u00e9quences sur l&#8217;<a href=\"http:\/\/www.lemonde.fr\/emploi\/\">emploi<\/a>.<\/h2>\n<p>Les&nbsp;<a href=\"http:\/\/www.lemonde.fr\/societe\/\">soci\u00e9t\u00e9<\/a>s du SNRTC, qui repr\u00e9sentent les principales&nbsp;<a href=\"http:\/\/www.lemonde.fr\/entreprises\/\">entreprises<\/a>&nbsp;de restauration commerciale et traiteurs, ont enregistr\u00e9 en juillet une baisse de fr\u00e9quentation de 13,2&nbsp;% en moyenne par rapport \u00e0 la m\u00eame p\u00e9riode de 2012. C&#8217;est pourtant&nbsp;<em>&#8220;habituellement un bon mois en termes de chiffre d&#8217;affaires&#8221;<\/em>&nbsp;pour la restauration, en raison notamment des soldes ou des d\u00e9parts en vacances, souligne le SNRTC.<\/p>\n<p>Mais cette ann\u00e9e, alors que la fr\u00e9quentation diminuait d\u00e9j\u00e0 de 5&nbsp;% sur le premier semestre, la tendance \u00e0 la baisse s&#8217;est encore acc\u00e9l\u00e9r\u00e9e en juillet, sous l&#8217;effet de la crise. Au point que le syndicat \u00e9voque une chute&nbsp;<em>&#8220;record&#8221;<\/em>.<\/p>\n<p><strong>SUPPRESSIONS D&#8217;EMPLOIS<\/strong><\/p>\n<p><em>&#8220;Si rien n&#8217;est fait dans le contexte actuel&nbsp;<\/em>(&#8230;)<em>, la perspective d&#8217;une TVA au taux de 10&nbsp;% au 1er&nbsp;janvier&nbsp;<\/em>(&#8230;)<em>&nbsp;ne fera que nous&nbsp;<a href=\"http:\/\/conjugaison.lemonde.fr\/conjugaison\/deuxieme-groupe\/affaiblir\" target=\"_blank\" rel=\"noopener noreferrer\">affaiblir<\/a>&nbsp;davantage&#8221;<\/em>, explique&nbsp;<a href=\"http:\/\/www.lemonde.fr\/sujet\/d737\/laurent-caraux.html\" target=\"_blank\" rel=\"noopener noreferrer\">Laurent Caraux<\/a>, pr\u00e9sident d&#8217;honneur du syndicat. Selon&nbsp;<a href=\"http:\/\/www.lemonde.fr\/sujet\/7470\/michel-morin.html\" target=\"_blank\" rel=\"noopener noreferrer\">Michel Morin<\/a>, pr\u00e9sident du SNRTC, les cons\u00e9quences de cette nouvelle hausse de taxes&nbsp;<em>&#8220;pourraient \u00eatre plus d\u00e9sastreuses que pr\u00e9vu et entra\u00eener des suppressions d&#8217;emplois dans notre secteur&#8221;<\/em>.<\/p>\n<p>Lire aussi :&nbsp;<a href=\"http:\/\/www.lemonde.fr\/economie\/article\/2012\/11\/23\/tva-restauration-le-gouvernement-veut-tourner-la-page-et-cree-un-comite-strategique_1795300_3234.html\">&#8220;TVA restauration : le gouvernement veut &#8216;tourner la page&#8217; et cr\u00e9e un &#8216;comit\u00e9 strat\u00e9gique'&#8221;<\/a><\/p>\n<p>Le dirigeant souligne notamment que,&nbsp;<em>&#8220;dans un contexte de diminution du&nbsp;<a href=\"http:\/\/conjugaison.lemonde.fr\/conjugaison\/troisieme-groupe\/pouvoir\" target=\"_blank\" rel=\"noopener noreferrer\">pouvoir<\/a>d&#8217;achat, la r\u00e9percussion sur les prix est difficile, voire impossible, les consommateurs r\u00e9gulant par eux-m\u00eames toute tentative de hausse&#8221;<\/em>, ce qui conduit&nbsp;<em>&#8220;les entreprises de restauration tout droit vers l&#8217;asphyxie&#8221;<\/em>.<\/p>\n<p>Alors que tous les indicateurs du secteur virent d\u00e9j\u00e0 au rouge et que le deuxi\u00e8me semestre&nbsp;<em>&#8220;s&#8217;annonce d\u00e9sastreux&#8221;<\/em>, le SNRTC alerte donc&nbsp;<em>&#8220;solennellement les pouvoirs publics sur les cons\u00e9quences sociales en termes d&#8217;emplois et de<a href=\"http:\/\/conjugaison.lemonde.fr\/conjugaison\/troisieme-groupe\/pouvoir\" target=\"_blank\" rel=\"noopener noreferrer\">pouvoir<\/a>&nbsp;d&#8217;achat pour les milliers de salari\u00e9s du deuxi\u00e8me secteur d&#8217;activit\u00e9 de France&#8221;<\/em>.<\/p>\n<p>En mai d\u00e9j\u00e0, le SNRTC avait tir\u00e9 la sonnette d&#8217;alarme sur le fait que la restauration avait perdu 10&nbsp;% d&#8217;emplois en deux ans. En 2012, le SNRTC repr\u00e9sentait 1&nbsp;700&nbsp;\u00e9tablissements, plus de 37&nbsp;000 salari\u00e9s en France et pr\u00e8s de 2,7&nbsp;milliards d&#8217;euros de chiffre d&#8217;affaires hors taxes.<\/p>\n<\/div>\n","protected":false},"excerpt":{"rendered":"<p>La restauration commerciale a connu une&nbsp;&#8220;chute historique&#8221;&nbsp;d&#8217;activit\u00e9 en juillet en&#8230;<\/p>\n","protected":false},"author":5,"featured_media":0,"comment_status":"open","ping_status":"open","sticky":false,"template":"","format":"standard","meta":{"_exactmetrics_skip_tracking":false,"_exactmetrics_sitenote_active":false,"_exactmetrics_sitenote_note":"","_exactmetrics_sitenote_category":0,"footnotes":""},"categories":[119],"tags":[],"class_list":{"0":"post-1184","1":"post","2":"type-post","3":"status-publish","4":"format-standard","6":"category-news"},"yoast_head":"<!-- This site is optimized with the Yoast SEO plugin v24.9 - https:\/\/yoast.com\/wordpress\/plugins\/seo\/ -->\n<title>Restauration : chute &quot;historique&quot; d&#039;activit\u00e9 en juillet selon Le Monde.fr avec AFP | 05.08.201 - Macarons Recrutement<\/title>\n<meta name=\"robots\" content=\"index, follow, max-snippet:-1, max-image-preview:large, max-video-preview:-1\" \/>\n<link rel=\"canonical\" href=\"https:\/\/www.macarons-recrutement.com\/en\/restauration-chute-historique-dactivite-en-juillet-selon-le-monde-fr-avec-afp-05-08-201\/\" \/>\n<meta property=\"og:locale\" content=\"en_GB\" \/>\n<meta property=\"og:locale:alternate\" content=\"fr_FR\" \/>\n<meta property=\"og:type\" content=\"article\" \/>\n<meta property=\"og:title\" content=\"Restauration : chute &quot;historique&quot; d&#039;activit\u00e9 en juillet selon Le Monde.fr avec AFP | 05.08.201 - Macarons Recrutement\" \/>\n<meta property=\"og:description\" content=\"La restauration commerciale a connu une&nbsp;&#8220;chute historique&#8221;&nbsp;d&#8217;activit\u00e9 en juillet en...\" \/>\n<meta property=\"og:url\" content=\"https:\/\/www.macarons-recrutement.com\/en\/restauration-chute-historique-dactivite-en-juillet-selon-le-monde-fr-avec-afp-05-08-201\/\" \/>\n<meta property=\"og:site_name\" content=\"Macarons Recrutement\" \/>\n<meta property=\"article:publisher\" content=\"https:\/\/www.facebook.com\/MacaronsRecrutement\/\" \/>\n<meta property=\"article:published_time\" content=\"2013-08-05T13:50:13+00:00\" \/>\n<meta property=\"article:modified_time\" content=\"2019-06-13T08:39:06+00:00\" \/>\n<meta property=\"og:image\" content=\"https:\/\/www.macarons-recrutement.com\/wp-content\/uploads\/2023\/10\/Directeur-dExploitation-Trois-Petits-Hotels-en-Bourgogne-Franche-Comte.png\" \/>\n\t<meta property=\"og:image:width\" content=\"350\" \/>\n\t<meta property=\"og:image:height\" content=\"235\" \/>\n\t<meta property=\"og:image:type\" content=\"image\/png\" \/>\n<meta name=\"author\" content=\"ADMIN\" \/>\n<meta name=\"twitter:card\" content=\"summary_large_image\" \/>\n<meta name=\"twitter:label1\" content=\"Written by\" \/>\n\t<meta name=\"twitter:data1\" content=\"ADMIN\" \/>\n\t<meta name=\"twitter:label2\" content=\"Estimated reading time\" \/>\n\t<meta name=\"twitter:data2\" content=\"2 minutes\" \/>\n<script type=\"application\/ld+json\" class=\"yoast-schema-graph\">{\"@context\":\"https:\/\/schema.org\",\"@graph\":[{\"@type\":\"Article\",\"@id\":\"https:\/\/www.macarons-recrutement.com\/restauration-chute-historique-dactivite-en-juillet-selon-le-monde-fr-avec-afp-05-08-201\/#article\",\"isPartOf\":{\"@id\":\"https:\/\/www.macarons-recrutement.com\/restauration-chute-historique-dactivite-en-juillet-selon-le-monde-fr-avec-afp-05-08-201\/\"},\"author\":{\"name\":\"ADMIN\",\"@id\":\"https:\/\/www.macarons-recrutement.com\/#\/schema\/person\/6cd18bab96b27c5b0f72e620ea724e77\"},\"headline\":\"Restauration : chute &#8220;historique&#8221; d&#8217;activit\u00e9 en juillet selon Le Monde.fr avec AFP | 05.08.201\",\"datePublished\":\"2013-08-05T13:50:13+00:00\",\"dateModified\":\"2019-06-13T08:39:06+00:00\",\"mainEntityOfPage\":{\"@id\":\"https:\/\/www.macarons-recrutement.com\/restauration-chute-historique-dactivite-en-juillet-selon-le-monde-fr-avec-afp-05-08-201\/\"},\"wordCount\":447,\"commentCount\":0,\"publisher\":{\"@id\":\"https:\/\/www.macarons-recrutement.com\/#organization\"},\"articleSection\":[\"News\"],\"inLanguage\":\"en-GB\"},{\"@type\":\"WebPage\",\"@id\":\"https:\/\/www.macarons-recrutement.com\/restauration-chute-historique-dactivite-en-juillet-selon-le-monde-fr-avec-afp-05-08-201\/\",\"url\":\"https:\/\/www.macarons-recrutement.com\/restauration-chute-historique-dactivite-en-juillet-selon-le-monde-fr-avec-afp-05-08-201\/\",\"name\":\"Restauration : chute \\\"historique\\\" d'activit\u00e9 en juillet selon Le Monde.fr avec AFP | 05.08.201 - Macarons Recrutement\",\"isPartOf\":{\"@id\":\"https:\/\/www.macarons-recrutement.com\/#website\"},\"datePublished\":\"2013-08-05T13:50:13+00:00\",\"dateModified\":\"2019-06-13T08:39:06+00:00\",\"breadcrumb\":{\"@id\":\"https:\/\/www.macarons-recrutement.com\/restauration-chute-historique-dactivite-en-juillet-selon-le-monde-fr-avec-afp-05-08-201\/#breadcrumb\"},\"inLanguage\":\"en-GB\",\"potentialAction\":[{\"@type\":\"ReadAction\",\"target\":[\"https:\/\/www.macarons-recrutement.com\/restauration-chute-historique-dactivite-en-juillet-selon-le-monde-fr-avec-afp-05-08-201\/\"]}]},{\"@type\":\"BreadcrumbList\",\"@id\":\"https:\/\/www.macarons-recrutement.com\/restauration-chute-historique-dactivite-en-juillet-selon-le-monde-fr-avec-afp-05-08-201\/#breadcrumb\",\"itemListElement\":[{\"@type\":\"ListItem\",\"position\":1,\"name\":\"Accueil\",\"item\":\"https:\/\/www.macarons-recrutement.com\/\"},{\"@type\":\"ListItem\",\"position\":2,\"name\":\"Restauration : chute \u00ab\u00a0historique\u00a0\u00bb d&rsquo;activit\u00e9 en juillet selon Le Monde.fr avec AFP | 05.08.201\"}]},{\"@type\":\"WebSite\",\"@id\":\"https:\/\/www.macarons-recrutement.com\/#website\",\"url\":\"https:\/\/www.macarons-recrutement.com\/\",\"name\":\"Macarons Recrutement H\u00f4tels & Restaurants\",\"description\":\"For hoteliers by hoteliers\",\"publisher\":{\"@id\":\"https:\/\/www.macarons-recrutement.com\/#organization\"},\"alternateName\":\"Macarons Recrutement H\u00f4tels & Restaurants\",\"potentialAction\":[{\"@type\":\"SearchAction\",\"target\":{\"@type\":\"EntryPoint\",\"urlTemplate\":\"https:\/\/www.macarons-recrutement.com\/?s={search_term_string}\"},\"query-input\":{\"@type\":\"PropertyValueSpecification\",\"valueRequired\":true,\"valueName\":\"search_term_string\"}}],\"inLanguage\":\"en-GB\"},{\"@type\":\"Organization\",\"@id\":\"https:\/\/www.macarons-recrutement.com\/#organization\",\"name\":\"Macarons Recrutement H\u00f4tels & Restaurants\",\"alternateName\":\"Macarons Recrutement H\u00f4tels & Restaurants\",\"url\":\"https:\/\/www.macarons-recrutement.com\/\",\"logo\":{\"@type\":\"ImageObject\",\"inLanguage\":\"en-GB\",\"@id\":\"https:\/\/www.macarons-recrutement.com\/#\/schema\/logo\/image\/\",\"url\":\"https:\/\/www.macarons-recrutement.com\/wp-content\/uploads\/2019\/06\/logo-MACARON-recruitment-hospitality-industry.jpg\",\"contentUrl\":\"https:\/\/www.macarons-recrutement.com\/wp-content\/uploads\/2019\/06\/logo-MACARON-recruitment-hospitality-industry.jpg\",\"width\":700,\"height\":329,\"caption\":\"Macarons Recrutement H\u00f4tels & Restaurants\"},\"image\":{\"@id\":\"https:\/\/www.macarons-recrutement.com\/#\/schema\/logo\/image\/\"},\"sameAs\":[\"https:\/\/www.facebook.com\/MacaronsRecrutement\/\",\"https:\/\/www.instagram.com\/macaronsrecrutement\/?hl=fr\",\"https:\/\/www.linkedin.com\/company\/macarons-hotels-restaurants-global-experts\/\"]},{\"@type\":\"Person\",\"@id\":\"https:\/\/www.macarons-recrutement.com\/#\/schema\/person\/6cd18bab96b27c5b0f72e620ea724e77\",\"name\":\"ADMIN\",\"image\":{\"@type\":\"ImageObject\",\"inLanguage\":\"en-GB\",\"@id\":\"https:\/\/www.macarons-recrutement.com\/#\/schema\/person\/image\/\",\"url\":\"https:\/\/secure.gravatar.com\/avatar\/5e655ad02f6a0ac842fbc8cb3eb00276?s=96&d=mm&r=g\",\"contentUrl\":\"https:\/\/secure.gravatar.com\/avatar\/5e655ad02f6a0ac842fbc8cb3eb00276?s=96&d=mm&r=g\",\"caption\":\"ADMIN\"},\"url\":\"https:\/\/www.macarons-recrutement.com\/en\/author\/flexadmin\/\"}]}<\/script>\n<!-- \/ Yoast SEO plugin. -->","yoast_head_json":{"title":"Restauration : chute \"historique\" d'activit\u00e9 en juillet selon Le Monde.fr avec AFP | 05.08.201 - Macarons Recrutement","robots":{"index":"index","follow":"follow","max-snippet":"max-snippet:-1","max-image-preview":"max-image-preview:large","max-video-preview":"max-video-preview:-1"},"canonical":"https:\/\/www.macarons-recrutement.com\/en\/restauration-chute-historique-dactivite-en-juillet-selon-le-monde-fr-avec-afp-05-08-201\/","og_locale":"en_GB","og_type":"article","og_title":"Restauration : chute \"historique\" d'activit\u00e9 en juillet selon Le Monde.fr avec AFP | 05.08.201 - Macarons Recrutement","og_description":"La restauration commerciale a connu une&nbsp;&#8220;chute historique&#8221;&nbsp;d&#8217;activit\u00e9 en juillet en...","og_url":"https:\/\/www.macarons-recrutement.com\/en\/restauration-chute-historique-dactivite-en-juillet-selon-le-monde-fr-avec-afp-05-08-201\/","og_site_name":"Macarons Recrutement","article_publisher":"https:\/\/www.facebook.com\/MacaronsRecrutement\/","article_published_time":"2013-08-05T13:50:13+00:00","article_modified_time":"2019-06-13T08:39:06+00:00","og_image":[{"width":350,"height":235,"url":"https:\/\/www.macarons-recrutement.com\/wp-content\/uploads\/2023\/10\/Directeur-dExploitation-Trois-Petits-Hotels-en-Bourgogne-Franche-Comte.png","type":"image\/png"}],"author":"ADMIN","twitter_card":"summary_large_image","twitter_misc":{"Written by":"ADMIN","Estimated reading time":"2 minutes"},"schema":{"@context":"https:\/\/schema.org","@graph":[{"@type":"Article","@id":"https:\/\/www.macarons-recrutement.com\/restauration-chute-historique-dactivite-en-juillet-selon-le-monde-fr-avec-afp-05-08-201\/#article","isPartOf":{"@id":"https:\/\/www.macarons-recrutement.com\/restauration-chute-historique-dactivite-en-juillet-selon-le-monde-fr-avec-afp-05-08-201\/"},"author":{"name":"ADMIN","@id":"https:\/\/www.macarons-recrutement.com\/#\/schema\/person\/6cd18bab96b27c5b0f72e620ea724e77"},"headline":"Restauration : chute &#8220;historique&#8221; d&#8217;activit\u00e9 en juillet selon Le Monde.fr avec AFP | 05.08.201","datePublished":"2013-08-05T13:50:13+00:00","dateModified":"2019-06-13T08:39:06+00:00","mainEntityOfPage":{"@id":"https:\/\/www.macarons-recrutement.com\/restauration-chute-historique-dactivite-en-juillet-selon-le-monde-fr-avec-afp-05-08-201\/"},"wordCount":447,"commentCount":0,"publisher":{"@id":"https:\/\/www.macarons-recrutement.com\/#organization"},"articleSection":["News"],"inLanguage":"en-GB"},{"@type":"WebPage","@id":"https:\/\/www.macarons-recrutement.com\/restauration-chute-historique-dactivite-en-juillet-selon-le-monde-fr-avec-afp-05-08-201\/","url":"https:\/\/www.macarons-recrutement.com\/restauration-chute-historique-dactivite-en-juillet-selon-le-monde-fr-avec-afp-05-08-201\/","name":"Restauration : chute \"historique\" d'activit\u00e9 en juillet selon Le Monde.fr avec AFP | 05.08.201 - Macarons Recrutement","isPartOf":{"@id":"https:\/\/www.macarons-recrutement.com\/#website"},"datePublished":"2013-08-05T13:50:13+00:00","dateModified":"2019-06-13T08:39:06+00:00","breadcrumb":{"@id":"https:\/\/www.macarons-recrutement.com\/restauration-chute-historique-dactivite-en-juillet-selon-le-monde-fr-avec-afp-05-08-201\/#breadcrumb"},"inLanguage":"en-GB","potentialAction":[{"@type":"ReadAction","target":["https:\/\/www.macarons-recrutement.com\/restauration-chute-historique-dactivite-en-juillet-selon-le-monde-fr-avec-afp-05-08-201\/"]}]},{"@type":"BreadcrumbList","@id":"https:\/\/www.macarons-recrutement.com\/restauration-chute-historique-dactivite-en-juillet-selon-le-monde-fr-avec-afp-05-08-201\/#breadcrumb","itemListElement":[{"@type":"ListItem","position":1,"name":"Accueil","item":"https:\/\/www.macarons-recrutement.com\/"},{"@type":"ListItem","position":2,"name":"Restauration : chute \u00ab\u00a0historique\u00a0\u00bb d&rsquo;activit\u00e9 en juillet selon Le Monde.fr avec AFP | 05.08.201"}]},{"@type":"WebSite","@id":"https:\/\/www.macarons-recrutement.com\/#website","url":"https:\/\/www.macarons-recrutement.com\/","name":"Macarons Recrutement H\u00f4tels & Restaurants","description":"For hoteliers by hoteliers","publisher":{"@id":"https:\/\/www.macarons-recrutement.com\/#organization"},"alternateName":"Macarons Recrutement H\u00f4tels & Restaurants","potentialAction":[{"@type":"SearchAction","target":{"@type":"EntryPoint","urlTemplate":"https:\/\/www.macarons-recrutement.com\/?s={search_term_string}"},"query-input":{"@type":"PropertyValueSpecification","valueRequired":true,"valueName":"search_term_string"}}],"inLanguage":"en-GB"},{"@type":"Organization","@id":"https:\/\/www.macarons-recrutement.com\/#organization","name":"Macarons Recrutement H\u00f4tels & Restaurants","alternateName":"Macarons Recrutement H\u00f4tels & Restaurants","url":"https:\/\/www.macarons-recrutement.com\/","logo":{"@type":"ImageObject","inLanguage":"en-GB","@id":"https:\/\/www.macarons-recrutement.com\/#\/schema\/logo\/image\/","url":"https:\/\/www.macarons-recrutement.com\/wp-content\/uploads\/2019\/06\/logo-MACARON-recruitment-hospitality-industry.jpg","contentUrl":"https:\/\/www.macarons-recrutement.com\/wp-content\/uploads\/2019\/06\/logo-MACARON-recruitment-hospitality-industry.jpg","width":700,"height":329,"caption":"Macarons Recrutement H\u00f4tels & Restaurants"},"image":{"@id":"https:\/\/www.macarons-recrutement.com\/#\/schema\/logo\/image\/"},"sameAs":["https:\/\/www.facebook.com\/MacaronsRecrutement\/","https:\/\/www.instagram.com\/macaronsrecrutement\/?hl=fr","https:\/\/www.linkedin.com\/company\/macarons-hotels-restaurants-global-experts\/"]},{"@type":"Person","@id":"https:\/\/www.macarons-recrutement.com\/#\/schema\/person\/6cd18bab96b27c5b0f72e620ea724e77","name":"ADMIN","image":{"@type":"ImageObject","inLanguage":"en-GB","@id":"https:\/\/www.macarons-recrutement.com\/#\/schema\/person\/image\/","url":"https:\/\/secure.gravatar.com\/avatar\/5e655ad02f6a0ac842fbc8cb3eb00276?s=96&d=mm&r=g","contentUrl":"https:\/\/secure.gravatar.com\/avatar\/5e655ad02f6a0ac842fbc8cb3eb00276?s=96&d=mm&r=g","caption":"ADMIN"},"url":"https:\/\/www.macarons-recrutement.com\/en\/author\/flexadmin\/"}]}},"_links":{"self":[{"href":"https:\/\/www.macarons-recrutement.com\/en\/wp-json\/wp\/v2\/posts\/1184"}],"collection":[{"href":"https:\/\/www.macarons-recrutement.com\/en\/wp-json\/wp\/v2\/posts"}],"about":[{"href":"https:\/\/www.macarons-recrutement.com\/en\/wp-json\/wp\/v2\/types\/post"}],"author":[{"embeddable":true,"href":"https:\/\/www.macarons-recrutement.com\/en\/wp-json\/wp\/v2\/users\/5"}],"replies":[{"embeddable":true,"href":"https:\/\/www.macarons-recrutement.com\/en\/wp-json\/wp\/v2\/comments?post=1184"}],"version-history":[{"count":0,"href":"https:\/\/www.macarons-recrutement.com\/en\/wp-json\/wp\/v2\/posts\/1184\/revisions"}],"wp:attachment":[{"href":"https:\/\/www.macarons-recrutement.com\/en\/wp-json\/wp\/v2\/media?parent=1184"}],"wp:term":[{"taxonomy":"category","embeddable":true,"href":"https:\/\/www.macarons-recrutement.com\/en\/wp-json\/wp\/v2\/categories?post=1184"},{"taxonomy":"post_tag","embeddable":true,"href":"https:\/\/www.macarons-recrutement.com\/en\/wp-json\/wp\/v2\/tags?post=1184"}],"curies":[{"name":"wp","href":"https:\/\/api.w.org\/{rel}","templated":true}]}}